{"id":1073,"date":"2019-01-28T16:31:05","date_gmt":"2019-01-28T16:31:05","guid":{"rendered":"https:\/\/famadesa.es\/?p=1073"},"modified":"2019-01-28T16:31:05","modified_gmt":"2019-01-28T16:31:05","slug":"entrega-premios-del-ii-conscurso-postales-navidenas-los-hijos-los-trabajadores","status":"publish","type":"post","link":"https:\/\/famadesa.es\/en\/entrega-premios-del-ii-conscurso-postales-navidenas-los-hijos-los-trabajadores\/","title":{"rendered":"ENTREGA DE PREMIOS DEL II CONSCURSO DE POSTALES NAVIDE\u00d1AS CON LOS HIJOS DE LOS TRABAJADORES"},"content":{"rendered":"<p>En la tercera edici\u00f3n, Navidad 2019, el ganador\u00a0disfrutar\u00e1 de\u00a0un viaje a Eurodisney para 4 personas.<\/p>\n<p>El pasado viernes los hijos de nuestros empleados disfrutaron de una divertida merienda de convivencia, en la jornada organizada para agradecerles su esfuerzo y creatividad en el certamen de dibujo de este a\u00f1o. Nuestro presidente, Federico Beltr\u00e1n, quiso acompa\u00f1ar a nuestros j\u00f3venes artistas en la entrega de premios del II Concurso de dibujo &#8220;Presume de Navidad&#8221;. All\u00ed nos anunci\u00f3 que el pr\u00f3ximo a\u00f1o, el ganador disfrutar\u00e1 de un viaje a EuroDisney junto a su familia<\/p>\n<p>Esperamos con ilusi\u00f3n las propuestas creativas para nuestra tercera edici\u00f3n #PresumedeNavidad, que un a\u00f1o m\u00e1s colaborar\u00e1 con proyectos sociales de UNICEF.<\/p>\n<p>\u00a1Muchas gracias a todos!<\/p>\n<p>#FamiliaFamadesa #FamadesaRSC<\/p>\n<p><img fetchpriority=\"high\" decoding=\"async\" class=\"aligncenter wp-image-1083 size-full\" src=\"https:\/\/famadesa.es\/wp-content\/uploads\/2019\/01\/familia-famadesa-de-celebracion.jpg\" alt=\"familia-famadesa-de-celebracion\" width=\"1690\" height=\"585\" srcset=\"https:\/\/famadesa.es\/wp-content\/uploads\/2019\/01\/familia-famadesa-de-celebracion.jpg 1690w, https:\/\/famadesa.es\/wp-content\/uploads\/2019\/01\/familia-famadesa-de-celebracion-300x104.jpg 300w, https:\/\/famadesa.es\/wp-content\/uploads\/2019\/01\/familia-famadesa-de-celebracion-1024x354.jpg 1024w, https:\/\/famadesa.es\/wp-content\/uploads\/2019\/01\/familia-famadesa-de-celebracion-768x266.jpg 768w, https:\/\/famadesa.es\/wp-content\/uploads\/2019\/01\/familia-famadesa-de-celebracion-1536x532.jpg 1536w, https:\/\/famadesa.es\/wp-content\/uploads\/2019\/01\/familia-famadesa-de-celebracion-600x208.jpg 600w\" sizes=\"(max-width: 1690px) 100vw, 1690px\" \/><\/p>\n","protected":false},"excerpt":{"rendered":"<p>En la tercera edici\u00f3n, Navidad 2019, el ganador\u00a0disfrutar\u00e1 de\u00a0un viaje a Eurodisney para 4 personas. El pasado viernes los hijos de nuestros empleados disfrutaron de una divertida merienda de convivencia, en la jornada organizada para agradecerles su esfuerzo y creatividad en el certamen de dibujo de este a\u00f1o. Nuestro presidente, Federico Beltr\u00e1n, quiso acompa\u00f1ar a [&hellip;]<\/p>\n","protected":false},"author":1,"featured_media":1269,"comment_status":"open","ping_status":"open","sticky":false,"template":"","format":"standard","meta":{"footnotes":""},"categories":[96],"tags":[],"class_list":["post-1073","post","type-post","status-publish","format-standard","has-post-thumbnail","hentry","category-famadesa"],"_links":{"self":[{"href":"https:\/\/famadesa.es\/en\/wp-json\/wp\/v2\/posts\/1073","targetHints":{"allow":["GET"]}}],"collection":[{"href":"https:\/\/famadesa.es\/en\/wp-json\/wp\/v2\/posts"}],"about":[{"href":"https:\/\/famadesa.es\/en\/wp-json\/wp\/v2\/types\/post"}],"author":[{"embeddable":true,"href":"https:\/\/famadesa.es\/en\/wp-json\/wp\/v2\/users\/1"}],"replies":[{"embeddable":true,"href":"https:\/\/famadesa.es\/en\/wp-json\/wp\/v2\/comments?post=1073"}],"version-history":[{"count":0,"href":"https:\/\/famadesa.es\/en\/wp-json\/wp\/v2\/posts\/1073\/revisions"}],"wp:featuredmedia":[{"embeddable":true,"href":"https:\/\/famadesa.es\/en\/wp-json\/wp\/v2\/media\/1269"}],"wp:attachment":[{"href":"https:\/\/famadesa.es\/en\/wp-json\/wp\/v2\/media?parent=1073"}],"wp:term":[{"taxonomy":"category","embeddable":true,"href":"https:\/\/famadesa.es\/en\/wp-json\/wp\/v2\/categories?post=1073"},{"taxonomy":"post_tag","embeddable":true,"href":"https:\/\/famadesa.es\/en\/wp-json\/wp\/v2\/tags?post=1073"}],"curies":[{"name":"wp","href":"https:\/\/api.w.org\/{rel}","templated":true}]}}