{"id":1113,"date":"2019-06-21T08:35:52","date_gmt":"2019-06-21T08:35:52","guid":{"rendered":"https:\/\/famadesa.es\/?p=1113"},"modified":"2019-06-21T08:35:52","modified_gmt":"2019-06-21T08:35:52","slug":"famadesa-estara-presente-en-meatattraction2019","status":"publish","type":"post","link":"https:\/\/famadesa.es\/en\/famadesa-estara-presente-en-meatattraction2019\/","title":{"rendered":"FAMADESA ESTAR\u00c1 PRESENTE EN #MEATATTRACTION2019"},"content":{"rendered":"<p>La tercera edici\u00f3n de<strong> MeatAttraction,<\/strong> <strong>una de las ferias internacionales del sector c\u00e1rnico m\u00e1s importantes de nuestro pa\u00eds,<\/strong> abrir\u00e1 sus puertas del <strong>17 al 19 de septiembre,<\/strong> con una previsi\u00f3n de participaci\u00f3n de <strong>400 expositores y 20.000 profesionales de 50 pa\u00edses,<\/strong> seg\u00fan la organizaci\u00f3n. <strong>En Famadesa estaremos encantados de recibir a todos los clientes y amigos que quieran visitarnos.<\/strong> Nos encontrar\u00e1n en el <strong>Hall 10 \u2013 Estand D5.<\/strong><\/p>\n<p>El equipo comercial de Exportaci\u00f3n de nuestra empresa ya est\u00e1 preparando la puesta en marcha de este evento, que supone una <strong>excelente oportunidad para promover encuentros comerciales especializados con numerosos colaboradores del sector c\u00e1rnico,<\/strong> desde los que potenciar sus oportunidades de negocio nacionales y fomentar a su vez, los procesos de comercializaci\u00f3n y distribuci\u00f3n al mercado exterior.<\/p>\n<p>Organizada por la <strong>Instituci\u00f3n Ferial de Madrid (IFEMA) y por la Asociaci\u00f3n Nacional de Industrias de la Carne de Espa\u00f1a (ANICE),<\/strong> Meat Attraction 2019, propone 3 d\u00edas de intensas relaciones comerciales B2B con el sector c\u00e1rnico, en los que se dar\u00e1n cita perfiles de visitantes para cada \u00e1rea expositiva: \u00e1rea producto\u00a0-responsable compras retail dom\u00e9stico e internacional, responsable compras industria alimentaria, Canal Horeca, detallistas e importadores producto c\u00e1rnico-, as\u00ed como del \u00e1rea de industria auxiliar -responsables de industria en el \u00e1rea de producci\u00f3n y calidad, ingenier\u00edas, planta y mantenimiento, investigaci\u00f3n y laboratorio, detallistas y Horeca. <strong>Esta edici\u00f3n tendr\u00e1 a China como pa\u00eds importador invitado,<\/strong> e incluir\u00e1 diferentes eventos y acciones de enorme inter\u00e9s, como el X Congreso Mundial del Jam\u00f3n, la segunda edici\u00f3n de #Distrimeat, el\u00a0 Congreso Europeo de la Distribuci\u00f3n C\u00e1rnica, el Meat&Organic Congress o Meatic, las Jornadas sobre Automatizaci\u00f3n y Digitalizaci\u00f3n en la Industria, el Innovation Hub, el directorio de novedades o productos estrella de todos los expositores de la feria, los Premios Accelera a la Innovaci\u00f3n, o el Factory Chef, el escenario show cooking para la hosteler\u00eda.<\/p>\n<p><img fetchpriority=\"high\" decoding=\"async\" class=\"aligncenter size-full wp-image-1114\" src=\"https:\/\/famadesa.es\/wp-content\/uploads\/2019\/06\/Meat-Attacion-famadesa-2019.jpg\" alt=\"Meat-Attacion-famadesa-2019\" width=\"600\" height=\"200\" srcset=\"https:\/\/famadesa.es\/wp-content\/uploads\/2019\/06\/Meat-Attacion-famadesa-2019.jpg 600w, https:\/\/famadesa.es\/wp-content\/uploads\/2019\/06\/Meat-Attacion-famadesa-2019-300x100.jpg 300w\" sizes=\"(max-width: 600px) 100vw, 600px\" \/><\/p>\n<p>En paralelo se ha creado <strong>La Semana de la Carne entre el 13 y el 22 de septiembre,<\/strong> que acoger\u00e1 diferentes acciones en la ciudad de Madrid para el fomento del consumo y puesta en valor de las propiedades nutricionales fundamentales y vitales de la carne.<\/p>\n<p>Fuente: <a href=\"https:\/\/bit.ly\/2IWjiD2\" rel=\"nofollow noopener\" target=\"_blank\">https:\/\/bit.ly\/2IWjiD2<\/a><\/p>\n<p>&nbsp;<\/p>\n<figure id=\"attachment_1126\" aria-describedby=\"caption-attachment-1126\" style=\"width: 589px\" class=\"wp-caption aligncenter\"><img decoding=\"async\" class=\"size-full wp-image-1126\" src=\"https:\/\/famadesa.es\/wp-content\/uploads\/2019\/06\/MEATATTRACTION2017_ESTAND_FAMADESA.jpg\" alt=\"MEATATTRACTION2017_ESTAND_FAMADESA\" width=\"589\" height=\"453\" srcset=\"https:\/\/famadesa.es\/wp-content\/uploads\/2019\/06\/MEATATTRACTION2017_ESTAND_FAMADESA.jpg 589w, https:\/\/famadesa.es\/wp-content\/uploads\/2019\/06\/MEATATTRACTION2017_ESTAND_FAMADESA-300x231.jpg 300w\" sizes=\"(max-width: 589px) 100vw, 589px\" \/><figcaption id=\"caption-attachment-1126\" class=\"wp-caption-text\">Meat Attraction 2017<\/figcaption><\/figure>\n<p>&nbsp;<\/p>\n","protected":false},"excerpt":{"rendered":"<p>La tercera edici\u00f3n de MeatAttraction, una de las ferias internacionales del sector c\u00e1rnico m\u00e1s importantes de nuestro pa\u00eds, abrir\u00e1 sus puertas del 17 al 19 de septiembre, con una previsi\u00f3n de participaci\u00f3n de 400 expositores y 20.000 profesionales de 50 pa\u00edses, seg\u00fan la organizaci\u00f3n. En Famadesa estaremos encantados de recibir a todos los clientes y [&hellip;]<\/p>\n","protected":false},"author":1,"featured_media":1124,"comment_status":"open","ping_status":"open","sticky":false,"template":"","format":"standard","meta":{"footnotes":""},"categories":[96],"tags":[],"class_list":["post-1113","post","type-post","status-publish","format-standard","has-post-thumbnail","hentry","category-famadesa"],"_links":{"self":[{"href":"https:\/\/famadesa.es\/en\/wp-json\/wp\/v2\/posts\/1113","targetHints":{"allow":["GET"]}}],"collection":[{"href":"https:\/\/famadesa.es\/en\/wp-json\/wp\/v2\/posts"}],"about":[{"href":"https:\/\/famadesa.es\/en\/wp-json\/wp\/v2\/types\/post"}],"author":[{"embeddable":true,"href":"https:\/\/famadesa.es\/en\/wp-json\/wp\/v2\/users\/1"}],"replies":[{"embeddable":true,"href":"https:\/\/famadesa.es\/en\/wp-json\/wp\/v2\/comments?post=1113"}],"version-history":[{"count":0,"href":"https:\/\/famadesa.es\/en\/wp-json\/wp\/v2\/posts\/1113\/revisions"}],"wp:featuredmedia":[{"embeddable":true,"href":"https:\/\/famadesa.es\/en\/wp-json\/wp\/v2\/media\/1124"}],"wp:attachment":[{"href":"https:\/\/famadesa.es\/en\/wp-json\/wp\/v2\/media?parent=1113"}],"wp:term":[{"taxonomy":"category","embeddable":true,"href":"https:\/\/famadesa.es\/en\/wp-json\/wp\/v2\/categories?post=1113"},{"taxonomy":"post_tag","embeddable":true,"href":"https:\/\/famadesa.es\/en\/wp-json\/wp\/v2\/tags?post=1113"}],"curies":[{"name":"wp","href":"https:\/\/api.w.org\/{rel}","templated":true}]}}