{"id":1161,"date":"2019-09-05T15:29:45","date_gmt":"2019-09-05T15:29:45","guid":{"rendered":"https:\/\/famadesa.es\/?p=1161"},"modified":"2019-09-05T15:29:45","modified_gmt":"2019-09-05T15:29:45","slug":"transportes-famadesa-premiado-por-bajo-indice-de-siniestralidad","status":"publish","type":"post","link":"https:\/\/famadesa.es\/en\/transportes-famadesa-premiado-por-bajo-indice-de-siniestralidad\/","title":{"rendered":"TRANSPORTES FAMADESA PREMIADO POR BAJO \u00cdNDICE DE SINIESTRALIDAD"},"content":{"rendered":"<p>Transportes Famadesa destacada por su bajo \u00edndice de siniestralidad laboral, registrando ratios menores respecto a los de la media de su sector.<\/p>\n<p>Hoy queremos dar nuestra m\u00e1s sincera enhorabuena a todo el equipo de\u00a0<a class=\"_58cn\" href=\"https:\/\/business.facebook.com\/hashtag\/transportesfamadesa?source=feed_text&epa=HASHTAG&__xts__%5B0%5D=68.ARD62MxI0CHoj_SoFt5R__n_twniSa6MF4AJoPdo3_kkRgOzjZ_uhM5qIx0b9vN95TbyTlqAFustMnUsGYWDUKa8jfOU4MbaS3k1O5RtYwbl7qRkKsPudq0BJcrefSUFvcQAkhfPXpI3dfSDHmRBLwvXQ5VVOCgZ9zFUJkveA3ZLLWxzU9KaWpVJgfK-h8IF5hw5m-bfTV1_LNzukfAR3pUMRvbecQIWF98xfPn-5DtuO9cz2uNHFQCopXnF9wFayKOJkIoXdeBthO0o3_8LtEGxZ4aUcvsh0cY11SUB5-65Wg7RQXR6501K2u6L6RkFuNQ68-FoVb1miAgCrMZYzLTxxyF-&__tn__=%2ANK-R\" data-ft=\"{&quot;type&quot;:104,&quot;tn&quot;:&quot;*N&quot;}\" rel=\"nofollow noopener\" target=\"_blank\"><span class=\"_5afx\"><span class=\"_58cl _5afz\" aria-label=\"hashtag\">#<\/span><span class=\"_58cm\">TransportesFamadesa<\/span><\/span><\/a>, por haber sido merecedores del <strong>Diploma Bonus,<\/strong> en atenci\u00f3n a la <strong>singular implicaci\u00f3n en la prevenci\u00f3n de los riesgos laborales y su acreditado compromiso con la seguridad y la salud de sus trabajadores.<\/strong><\/p>\n<p>Este incentivo ha sido entregado esta mism<span class=\"text_exposed_show\">a ma\u00f1ana a nuestro presidente, <strong>Federico Beltr\u00e1n<\/strong>, por el director de zona de mutualistas de\u00a0Ibermutua, <strong>Rafael A. Imbern\u00f3n.<\/strong><\/span><\/p>\n<p><img fetchpriority=\"high\" decoding=\"async\" class=\"aligncenter wp-image-1162 size-full\" src=\"https:\/\/famadesa.es\/wp-content\/uploads\/2019\/09\/federico-beltran-transportes-famadesa-baja-siniestralidad-malaga.jpg\" alt=\"federico-beltran-transportes-famadesa-baja-siniestralidad-malaga\" width=\"1000\" height=\"1500\" srcset=\"https:\/\/famadesa.es\/wp-content\/uploads\/2019\/09\/federico-beltran-transportes-famadesa-baja-siniestralidad-malaga.jpg 1000w, https:\/\/famadesa.es\/wp-content\/uploads\/2019\/09\/federico-beltran-transportes-famadesa-baja-siniestralidad-malaga-200x300.jpg 200w, https:\/\/famadesa.es\/wp-content\/uploads\/2019\/09\/federico-beltran-transportes-famadesa-baja-siniestralidad-malaga-683x1024.jpg 683w, https:\/\/famadesa.es\/wp-content\/uploads\/2019\/09\/federico-beltran-transportes-famadesa-baja-siniestralidad-malaga-768x1152.jpg 768w, https:\/\/famadesa.es\/wp-content\/uploads\/2019\/09\/federico-beltran-transportes-famadesa-baja-siniestralidad-malaga-600x900.jpg 600w\" sizes=\"(max-width: 1000px) 100vw, 1000px\" \/><\/p>\n<p>&nbsp;<\/p>\n","protected":false},"excerpt":{"rendered":"<p>Transportes Famadesa destacada por su bajo \u00edndice de siniestralidad laboral, registrando ratios menores respecto a los de la media de su sector. Hoy queremos dar nuestra m\u00e1s sincera enhorabuena a todo el equipo de\u00a0#TransportesFamadesa, por haber sido merecedores del Diploma Bonus, en atenci\u00f3n a la singular implicaci\u00f3n en la prevenci\u00f3n de los riesgos laborales y [&hellip;]<\/p>\n","protected":false},"author":1,"featured_media":1166,"comment_status":"open","ping_status":"open","sticky":false,"template":"","format":"standard","meta":{"footnotes":""},"categories":[96],"tags":[],"class_list":["post-1161","post","type-post","status-publish","format-standard","has-post-thumbnail","hentry","category-famadesa"],"_links":{"self":[{"href":"https:\/\/famadesa.es\/en\/wp-json\/wp\/v2\/posts\/1161","targetHints":{"allow":["GET"]}}],"collection":[{"href":"https:\/\/famadesa.es\/en\/wp-json\/wp\/v2\/posts"}],"about":[{"href":"https:\/\/famadesa.es\/en\/wp-json\/wp\/v2\/types\/post"}],"author":[{"embeddable":true,"href":"https:\/\/famadesa.es\/en\/wp-json\/wp\/v2\/users\/1"}],"replies":[{"embeddable":true,"href":"https:\/\/famadesa.es\/en\/wp-json\/wp\/v2\/comments?post=1161"}],"version-history":[{"count":0,"href":"https:\/\/famadesa.es\/en\/wp-json\/wp\/v2\/posts\/1161\/revisions"}],"wp:featuredmedia":[{"embeddable":true,"href":"https:\/\/famadesa.es\/en\/wp-json\/wp\/v2\/media\/1166"}],"wp:attachment":[{"href":"https:\/\/famadesa.es\/en\/wp-json\/wp\/v2\/media?parent=1161"}],"wp:term":[{"taxonomy":"category","embeddable":true,"href":"https:\/\/famadesa.es\/en\/wp-json\/wp\/v2\/categories?post=1161"},{"taxonomy":"post_tag","embeddable":true,"href":"https:\/\/famadesa.es\/en\/wp-json\/wp\/v2\/tags?post=1161"}],"curies":[{"name":"wp","href":"https:\/\/api.w.org\/{rel}","templated":true}]}}