{"id":1234,"date":"2020-02-13T12:02:10","date_gmt":"2020-02-13T12:02:10","guid":{"rendered":"https:\/\/famadesa.es\/?p=1234"},"modified":"2020-02-13T12:02:10","modified_gmt":"2020-02-13T12:02:10","slug":"clase-magistral-del-director-general-de-famadesa-en-el-estreno-de-la-i-mesa-agroalimentacion-de-aje-malaga","status":"publish","type":"post","link":"https:\/\/famadesa.es\/en\/clase-magistral-del-director-general-de-famadesa-en-el-estreno-de-la-i-mesa-agroalimentacion-de-aje-malaga\/","title":{"rendered":"Clase magistral del director general de Famadesa en el estreno de la I Mesa Agroalimentaci\u00f3n de AJE M\u00e1laga"},"content":{"rendered":"<p>La consejera de Agricultura y Pesca ha inaugurado el encuentro que nace para servir de punto de encuentro e innovaci\u00f3n para la juventud empresaria.<\/p>\n<p><strong>M\u00e1laga, 31 de enero de 2020<\/strong>. La Asociaci\u00f3n de J\u00f3venes Empresarios y Empresarias de M\u00e1laga (AJE M\u00e1laga) ha inaugurado este viernes, 31 de enero, su primera Mesa de Agroalimentaci\u00f3n y Energ\u00eda Azul y lo ha hecho con una clase magistral de Federico Beltr\u00e1n, director general de Famadesa, empresa referente del sector c\u00e1rnico internacional radicada en la barriada malague\u00f1a de Campanillas.<\/p>\n<p>La consejera de Agricultura y Pesca, Carmen Crespo, ha inaugurado el encuentro, celebrado en la sede de Famadesa y en la que han participado casi medio centenar de empresas del sector.<\/p>\n<p>Crespo ha destacado el empuje y la innovaci\u00f3n que aporta la juventud empresaria y la experiencia de \u00e9xito que aporta una empresa como Famadesa, capaz de producir y ex- portar derivados de cerdo blanco a los cinco continentes y con casi 50 a\u00f1os de trayectoria, que ha cimentado su \u00e9xito en un exhaustivo control de producci\u00f3n con recursos propios en todos los eslabones del proceso y atendiendo a criterios tan necesarios y demandados en la actualidad como el de sostenibilidad.<\/p>\n<p>Por su parte, Beltr\u00e1n ha destacado el trabajo y el esfuerzo como puntales fundamentales para alcanzar el \u00e9xito. \u201cQue la suerte os pille trabajando\u201d, ha reiterado el director general de Famadesa, durante una charla distendida en la que ha narrado con detalles desde sus inicios hasta la actualidad la trayectoria de la entidad dando las claves de su \u00e9xito.<\/p>\n<p>La consejera de Agricultura y Pesca ha inaugurado el encuentro que nace paranservir de punto de encuentro e innovaci\u00f3n para la juventud empresaria M\u00e1laga, 31 de enero de 2020. La Asociaci\u00f3n de J\u00f3venes Empresarios y Empresarias de M\u00e1laga (AJE M\u00e1laga) ha inaugurado este viernes, 31 de enero, su primera Mesa de Agroalimentaci\u00f3n y Energ\u00eda Azul y lo ha hecho con una clase magistral de Federico Beltr\u00e1n, director general de Famadesa, empresa referente del sector c\u00e1rnico internacional radicada en la barriada malague\u00f1a de Campanillas. La consejera de Agricultura y Pesca, Carmen Crespo, ha inaugurado el encuentro, celebrado en la sede de Famadesa y en la que han participado casi medio centenar de em- presas del sector. Crespo ha destacado el empuje y la innovaci\u00f3n que aporta la juventud empresaria y la experiencia de \u00e9xito que aporta una empresa como Famadesa, capaz de producir y ex- portar derivados de cerdo blanco a los cinco continentes y con casi 50 a\u00f1os de trayecto- ria, que ha cimentado su \u00e9xito en un exhaustivo control de producci\u00f3n con recursos pro- pios en todos los eslabones del proceso y atendiendo a criterios tan necesarios y deman- dados en la actualidad como el de sostenibilidad. Por su parte, Beltr\u00e1n ha destacado el trabajo y el esfuerzo como puntales fundamentales para alcanzar el \u00e9xito. \u201cQue la suerte os pille trabajando\u201d, ha reiterado el director general de Famadesa, durante una charla distendida en la que ha narrado con detalles desde sus inicios hasta la actualidad la trayectoria de la entidad dando las claves de su \u00e9xito. El presidente de la Asociaci\u00f3n de J\u00f3venes Empresarios, Ricardo Nandwani, ha incidido por su parte en la importancia de dedicarle una mesa de trabajo espec\u00edfica al sector de la tierra y el mar, donde el empresariado pueda compartir experiencias y estar a la vanguardia de las innovaciones en todos los \u00e1mbitos que presente el sector, favoreciendo su cooperaci\u00f3n y sirvi\u00e9ndoles de plataforma para facilitarles el \u00e9xito. La fundadora y responsable de AgroMedia y directora del Peri\u00f3dico Agro Magazine, Arantxa L\u00f3pez, es la coordinadora de esta nueva Mesa, que se suma a las ya existentes en AJE (Transformaci\u00f3n Digital, Comercio y Turismo Inteligente y Construcci\u00f3n y Eficiencia Energ\u00e9tica) y que cumple la funci\u00f3n de favorecer la interacci\u00f3n entre los asociados y asociadas de AJE de sectores complementarios, mostr\u00e1ndoles casos de \u00e9xito, poni\u00e9ndoles al d\u00eda sobre la actualidad de su sector y favoreciendo la generaci\u00f3n de negocio. La Asociaci\u00f3n de J\u00f3venes Empresarios y Empresarias de M\u00e1laga es un colectivo sin \u00e1nimo de lucro que agrupa a m\u00e1s de 600 empresas en el conjunto de la provincia, cuenta con sedes en Antequera, Marbella, Ronda y V\u00e9lez M\u00e1laga adem\u00e1s de asesora anualmente a m\u00e1s de un millar de emprendedores.<\/p>\n<p>El presidente de la Asociaci\u00f3n de J\u00f3venes Empresarios, Ricardo Nandwani, ha incidido por su parte en la importancia de dedicarle una mesa de trabajo espec\u00edfica al sector de la tierra y el mar, donde el empresariado pueda compartir experiencias y estar a la vanguardia de las innovaciones en todos los \u00e1mbitos que presente el sector, favoreciendo su cooperaci\u00f3n y sirvi\u00e9ndoles de plataforma para facilitarles el \u00e9xito.<\/p>\n<p>La fundadora y responsable de AgroMedia y directora del Peri\u00f3dico Agro Magazine, Arantxa L\u00f3pez, es la coordinadora de esta nueva Mesa, que se suma a las ya existentes en AJE (Transformaci\u00f3n Digital, Comercio y Turismo Inteligente y Construcci\u00f3n y Eficiencia Energ\u00e9tica) y que cumple la funci\u00f3n de favorecer la interacci\u00f3n entre los asociados y asociadas de AJE de sectores complementarios, mostr\u00e1ndoles casos de \u00e9xito, poni\u00e9ndoles al d\u00eda sobre la actualidad de su sector y favoreciendo la generaci\u00f3n de negocio.<\/p>\n<p>La Asociaci\u00f3n de J\u00f3venes Empresarios y Empresarias de M\u00e1laga es un colectivo sin \u00e1nimo de lucro que agrupa a m\u00e1s de 600 empresas en el conjunto de la provincia, cuenta con sedes en Antequera, Marbella, Ronda y V\u00e9lez M\u00e1laga adem\u00e1s de asesora anualmente a m\u00e1s de un millar de emprendedores.<\/p>\n<h6>Fuente: AJE M\u00e1laga<\/h6>\n<p>&nbsp;<\/p>\n","protected":false},"excerpt":{"rendered":"<p>La consejera de Agricultura y Pesca ha inaugurado el encuentro que nace para servir de punto de encuentro e innovaci\u00f3n para la juventud empresaria. M\u00e1laga, 31 de enero de 2020. La Asociaci\u00f3n de J\u00f3venes Empresarios y Empresarias de M\u00e1laga (AJE M\u00e1laga) ha inaugurado este viernes, 31 de enero, su primera Mesa de Agroalimentaci\u00f3n y Energ\u00eda [&hellip;]<\/p>\n","protected":false},"author":1,"featured_media":1243,"comment_status":"open","ping_status":"open","sticky":false,"template":"","format":"standard","meta":{"footnotes":""},"categories":[96],"tags":[],"class_list":["post-1234","post","type-post","status-publish","format-standard","has-post-thumbnail","hentry","category-famadesa"],"_links":{"self":[{"href":"https:\/\/famadesa.es\/en\/wp-json\/wp\/v2\/posts\/1234","targetHints":{"allow":["GET"]}}],"collection":[{"href":"https:\/\/famadesa.es\/en\/wp-json\/wp\/v2\/posts"}],"about":[{"href":"https:\/\/famadesa.es\/en\/wp-json\/wp\/v2\/types\/post"}],"author":[{"embeddable":true,"href":"https:\/\/famadesa.es\/en\/wp-json\/wp\/v2\/users\/1"}],"replies":[{"embeddable":true,"href":"https:\/\/famadesa.es\/en\/wp-json\/wp\/v2\/comments?post=1234"}],"version-history":[{"count":0,"href":"https:\/\/famadesa.es\/en\/wp-json\/wp\/v2\/posts\/1234\/revisions"}],"wp:featuredmedia":[{"embeddable":true,"href":"https:\/\/famadesa.es\/en\/wp-json\/wp\/v2\/media\/1243"}],"wp:attachment":[{"href":"https:\/\/famadesa.es\/en\/wp-json\/wp\/v2\/media?parent=1234"}],"wp:term":[{"taxonomy":"category","embeddable":true,"href":"https:\/\/famadesa.es\/en\/wp-json\/wp\/v2\/categories?post=1234"},{"taxonomy":"post_tag","embeddable":true,"href":"https:\/\/famadesa.es\/en\/wp-json\/wp\/v2\/tags?post=1234"}],"curies":[{"name":"wp","href":"https:\/\/api.w.org\/{rel}","templated":true}]}}