{"id":1594,"date":"2020-08-07T08:55:06","date_gmt":"2020-08-07T08:55:06","guid":{"rendered":"https:\/\/famadesa.es\/blog\/estado-de-informacion-no-financiera-2019-consolidado-copy\/"},"modified":"2020-08-07T08:55:06","modified_gmt":"2020-08-07T08:55:06","slug":"estado-de-informacion-no-financiera-2019-consolidado","status":"publish","type":"post","link":"https:\/\/famadesa.es\/en\/estado-de-informacion-no-financiera-2019-consolidado\/","title":{"rendered":"PUBLICADO EL ESTADO DE INFORMACI\u00d3N NO FINANCIERA, 2019 (Consolidado)"},"content":{"rendered":"<p>La Directiva 2014\/95\/UE del Parlamento Europeo y del Consejo, de 22 de octubre de 2014, por la que se modifica la Directiva 2013\/34\/UE en lo que respecta a la divulgaci\u00f3n de informaci\u00f3n no financiera e informaci\u00f3n sobre diversidad por parte de determinadas grandes empresas y determinados grupos, tiene como objetivo identificar riesgos para mejorar la sostenibilidad y aumentar la confianza de los inversores, los consumidores y la sociedad en general y para ello incrementa la divulgaci\u00f3n de informaci\u00f3n no financiera, como pueden ser los factores sociales y medioambientales.<\/p>\n<p>Acceso al documento integro en: <a href=\"http:\/\/bit.ly\/EstadoFamadesa_2019\" target=\"_blank\" rel=\"noopener noreferrer nofollow\">http:\/\/bit.ly\/EstadoFamadesa_2019<\/a><\/p>\n","protected":false},"excerpt":{"rendered":"<p>La Directiva 2014\/95\/UE del Parlamento Europeo y del Consejo, de 22 de octubre de 2014, por la que se modifica la Directiva 2013\/34\/UE en lo que respecta a la divulgaci\u00f3n de informaci\u00f3n no financiera e informaci\u00f3n sobre diversidad por parte de determinadas grandes empresas y determinados grupos, tiene como objetivo identificar riesgos para mejorar la [&hellip;]<\/p>\n","protected":false},"author":1,"featured_media":1494,"comment_status":"open","ping_status":"open","sticky":false,"template":"","format":"standard","meta":{"footnotes":""},"categories":[96],"tags":[],"class_list":["post-1594","post","type-post","status-publish","format-standard","has-post-thumbnail","hentry","category-famadesa"],"_links":{"self":[{"href":"https:\/\/famadesa.es\/en\/wp-json\/wp\/v2\/posts\/1594","targetHints":{"allow":["GET"]}}],"collection":[{"href":"https:\/\/famadesa.es\/en\/wp-json\/wp\/v2\/posts"}],"about":[{"href":"https:\/\/famadesa.es\/en\/wp-json\/wp\/v2\/types\/post"}],"author":[{"embeddable":true,"href":"https:\/\/famadesa.es\/en\/wp-json\/wp\/v2\/users\/1"}],"replies":[{"embeddable":true,"href":"https:\/\/famadesa.es\/en\/wp-json\/wp\/v2\/comments?post=1594"}],"version-history":[{"count":0,"href":"https:\/\/famadesa.es\/en\/wp-json\/wp\/v2\/posts\/1594\/revisions"}],"wp:featuredmedia":[{"embeddable":true,"href":"https:\/\/famadesa.es\/en\/wp-json\/wp\/v2\/media\/1494"}],"wp:attachment":[{"href":"https:\/\/famadesa.es\/en\/wp-json\/wp\/v2\/media?parent=1594"}],"wp:term":[{"taxonomy":"category","embeddable":true,"href":"https:\/\/famadesa.es\/en\/wp-json\/wp\/v2\/categories?post=1594"},{"taxonomy":"post_tag","embeddable":true,"href":"https:\/\/famadesa.es\/en\/wp-json\/wp\/v2\/tags?post=1594"}],"curies":[{"name":"wp","href":"https:\/\/api.w.org\/{rel}","templated":true}]}}