{"id":1720,"date":"2021-03-25T11:46:46","date_gmt":"2021-03-25T11:46:46","guid":{"rendered":"https:\/\/famadesa.es\/?p=1720"},"modified":"2021-03-25T11:46:46","modified_gmt":"2021-03-25T11:46:46","slug":"famadesa-aumenta-a-30-m-su-inversion-para-ampliar-instalaciones","status":"publish","type":"post","link":"https:\/\/famadesa.es\/en\/famadesa-aumenta-a-30-m-su-inversion-para-ampliar-instalaciones\/","title":{"rendered":"Famadesa aumenta a 30 M su inversi\u00f3n para ampliar instalaciones"},"content":{"rendered":"<p>La compa\u00f1\u00eda c\u00e1rnica malague\u00f1a Famadesa (F\u00e1brica, Matadero y Despiece) ha decidido aumentar hasta los 30 M\u20ac el presupuesto de inversi\u00f3n previsto para el proyecto de ampliaci\u00f3n de sus instalaciones, que actualmente acomete en Campanillas (M\u00e1laga). El plan inicial era de 24 M\u20ac seg\u00fan se estim\u00f3 al comienzo de su ejecuci\u00f3n, hace dos a\u00f1os.<\/p>\n<p>La empresa ha introducido algunos cambios que han obligado a realizar este aporte de 6 M\u20ac, y que corresponden fundamentalmente a la adquisici\u00f3n de 110.000 m2 de terreno adyacente y a la inclusi\u00f3n en los planes de la construcci\u00f3n de una nueva depuradora de aguas residuales. Adem\u00e1s, se est\u00e1 procediendo al soterramiento de una l\u00ednea de alta tensi\u00f3n que pasa por los terrenos y est\u00e1 demorando las obras. En principio, este proyecto de ampliaci\u00f3n deb\u00eda haber concluido en 2020-21, pero la previsi\u00f3n para su culminaci\u00f3n se lleva ahora a finales de 2022 por el retraso se\u00f1alado.<\/p>\n<p>FUENTE: ALIMARKET &#8211; <a href=\"https:\/\/n9.cl\/ydxb\" rel=\"nofollow noopener\" target=\"_blank\">https:\/\/n9.cl\/ydxb<\/a><\/p>\n","protected":false},"excerpt":{"rendered":"<p>La compa\u00f1\u00eda c\u00e1rnica malague\u00f1a Famadesa (F\u00e1brica, Matadero y Despiece) ha decidido aumentar hasta los 30 M\u20ac el presupuesto de inversi\u00f3n previsto para el proyecto de ampliaci\u00f3n de sus instalaciones, que actualmente acomete en Campanillas (M\u00e1laga). El plan inicial era de 24 M\u20ac seg\u00fan se estim\u00f3 al comienzo de su ejecuci\u00f3n, hace dos a\u00f1os. La empresa [&hellip;]<\/p>\n","protected":false},"author":1,"featured_media":1721,"comment_status":"open","ping_status":"open","sticky":false,"template":"","format":"standard","meta":{"footnotes":""},"categories":[96],"tags":[],"class_list":["post-1720","post","type-post","status-publish","format-standard","has-post-thumbnail","hentry","category-famadesa"],"_links":{"self":[{"href":"https:\/\/famadesa.es\/en\/wp-json\/wp\/v2\/posts\/1720","targetHints":{"allow":["GET"]}}],"collection":[{"href":"https:\/\/famadesa.es\/en\/wp-json\/wp\/v2\/posts"}],"about":[{"href":"https:\/\/famadesa.es\/en\/wp-json\/wp\/v2\/types\/post"}],"author":[{"embeddable":true,"href":"https:\/\/famadesa.es\/en\/wp-json\/wp\/v2\/users\/1"}],"replies":[{"embeddable":true,"href":"https:\/\/famadesa.es\/en\/wp-json\/wp\/v2\/comments?post=1720"}],"version-history":[{"count":0,"href":"https:\/\/famadesa.es\/en\/wp-json\/wp\/v2\/posts\/1720\/revisions"}],"wp:featuredmedia":[{"embeddable":true,"href":"https:\/\/famadesa.es\/en\/wp-json\/wp\/v2\/media\/1721"}],"wp:attachment":[{"href":"https:\/\/famadesa.es\/en\/wp-json\/wp\/v2\/media?parent=1720"}],"wp:term":[{"taxonomy":"category","embeddable":true,"href":"https:\/\/famadesa.es\/en\/wp-json\/wp\/v2\/categories?post=1720"},{"taxonomy":"post_tag","embeddable":true,"href":"https:\/\/famadesa.es\/en\/wp-json\/wp\/v2\/tags?post=1720"}],"curies":[{"name":"wp","href":"https:\/\/api.w.org\/{rel}","templated":true}]}}