{"id":1932,"date":"2021-07-05T12:22:59","date_gmt":"2021-07-05T12:22:59","guid":{"rendered":"https:\/\/famadesa.es\/?p=1932"},"modified":"2023-10-24T10:35:23","modified_gmt":"2023-10-24T10:35:23","slug":"apoyo-de-la-junta-de-andalucia-al-desarrollo-en-idi-de-famadesa","status":"publish","type":"post","link":"https:\/\/famadesa.es\/en\/apoyo-de-la-junta-de-andalucia-al-desarrollo-en-idi-de-famadesa\/","title":{"rendered":"Apoyo de la Junta de Andaluc\u00eda al desarrollo en I+D+i de Famadesa"},"content":{"rendered":"<div class=\"kvgmc6g5 cxmmr5t8 oygrvhab hcukyx3x c1et5uql ii04i59q\">\n<div dir=\"auto\">El consejero de Presidencia de la Junta de Andaluc\u00eda, El\u00edas Bendodo y la Consejera de Empleo, Roc\u00edo Blanco han visitado hoy las instalaciones de nuestra empresa, acompa\u00f1ados por las delegadas en M\u00e1laga de Econom\u00eda y de Fomento, Carmen S\u00e1nchez y Carmen Casero, respectivamente.<\/div>\n<div dir=\"auto\"><\/div>\n<p>&nbsp;<\/p>\n<div class=\"o9v6fnle cxmmr5t8 oygrvhab hcukyx3x c1et5uql ii04i59q\">\n<div dir=\"auto\">Nuestro presidente, Federico Beltr\u00e1n, junto al director adjunto Guillermo Beltr\u00e1n, les han acompa\u00f1ado a visitar sobre el terreno, las obras de mejora que se est\u00e1n desarrollando en los \u00faltimos meses en Famadesa.<\/div>\n<div dir=\"auto\"><\/div>\n<p>&nbsp;<\/p>\n<div class=\"o9v6fnle cxmmr5t8 oygrvhab hcukyx3x c1et5uql ii04i59q\">\n<div dir=\"auto\">El objetivo de acometer estos avances es alcanzar un mejor desarrollo tecnol\u00f3gico y en I+D+i, que permita una mejora continua en los actuales procesos, con el fin de seguir creciendo y ofreciendo siempre productos de la m\u00e1xima calidad.<\/div>\n<\/div>\n<\/div>\n<\/div>\n<p>&nbsp;<\/p>\n<p>Video resumen de la visita: <a href=\"https:\/\/bit.ly\/VisitaFamadesajulio2021\" target=\"_blank\" rel=\"noopener nofollow\">https:\/\/bit.ly\/VisitaFamadesajulio2021<\/a><\/p>\n<div class=\"kvgmc6g5 cxmmr5t8 oygrvhab hcukyx3x c1et5uql ii04i59q\">\n<div class=\"o9v6fnle cxmmr5t8 oygrvhab hcukyx3x c1et5uql ii04i59q\">\n<div class=\"o9v6fnle cxmmr5t8 oygrvhab hcukyx3x c1et5uql ii04i59q\">\n<div dir=\"auto\"><\/div>\n<div dir=\"auto\"><img fetchpriority=\"high\" decoding=\"async\" class=\"aligncenter size-large wp-image-1935\" src=\"https:\/\/famadesa.es\/wp-content\/uploads\/2021\/07\/famadesa-idi-junta-andalucia-min-1024x1024.png\" alt=\"famadesa idi junta andalucia-min\" width=\"1024\" height=\"1024\" srcset=\"https:\/\/famadesa.es\/wp-content\/uploads\/2021\/07\/famadesa-idi-junta-andalucia-min-1024x1024.png 1024w, https:\/\/famadesa.es\/wp-content\/uploads\/2021\/07\/famadesa-idi-junta-andalucia-min-300x300.png 300w, https:\/\/famadesa.es\/wp-content\/uploads\/2021\/07\/famadesa-idi-junta-andalucia-min-150x150.png 150w, https:\/\/famadesa.es\/wp-content\/uploads\/2021\/07\/famadesa-idi-junta-andalucia-min-768x768.png 768w, https:\/\/famadesa.es\/wp-content\/uploads\/2021\/07\/famadesa-idi-junta-andalucia-min-600x600.png 600w, https:\/\/famadesa.es\/wp-content\/uploads\/2021\/07\/famadesa-idi-junta-andalucia-min-100x100.png 100w, https:\/\/famadesa.es\/wp-content\/uploads\/2021\/07\/famadesa-idi-junta-andalucia-min.png 1080w\" sizes=\"(max-width: 1024px) 100vw, 1024px\" \/><\/div>\n<\/div>\n<\/div>\n<\/div>\n","protected":false},"excerpt":{"rendered":"<p>El consejero de Presidencia de la Junta de Andaluc\u00eda, El\u00edas Bendodo y la Consejera de Empleo, Roc\u00edo Blanco han visitado hoy las instalaciones de nuestra empresa, acompa\u00f1ados por las delegadas en M\u00e1laga de Econom\u00eda y de Fomento, Carmen S\u00e1nchez y Carmen Casero, respectivamente. &nbsp; Nuestro presidente, Federico Beltr\u00e1n, junto al director adjunto Guillermo Beltr\u00e1n, les [&hellip;]<\/p>\n","protected":false},"author":1,"featured_media":4703,"comment_status":"open","ping_status":"open","sticky":false,"template":"","format":"standard","meta":{"footnotes":""},"categories":[96],"tags":[],"class_list":["post-1932","post","type-post","status-publish","format-standard","has-post-thumbnail","hentry","category-famadesa"],"_links":{"self":[{"href":"https:\/\/famadesa.es\/en\/wp-json\/wp\/v2\/posts\/1932","targetHints":{"allow":["GET"]}}],"collection":[{"href":"https:\/\/famadesa.es\/en\/wp-json\/wp\/v2\/posts"}],"about":[{"href":"https:\/\/famadesa.es\/en\/wp-json\/wp\/v2\/types\/post"}],"author":[{"embeddable":true,"href":"https:\/\/famadesa.es\/en\/wp-json\/wp\/v2\/users\/1"}],"replies":[{"embeddable":true,"href":"https:\/\/famadesa.es\/en\/wp-json\/wp\/v2\/comments?post=1932"}],"version-history":[{"count":1,"href":"https:\/\/famadesa.es\/en\/wp-json\/wp\/v2\/posts\/1932\/revisions"}],"predecessor-version":[{"id":4704,"href":"https:\/\/famadesa.es\/en\/wp-json\/wp\/v2\/posts\/1932\/revisions\/4704"}],"wp:featuredmedia":[{"embeddable":true,"href":"https:\/\/famadesa.es\/en\/wp-json\/wp\/v2\/media\/4703"}],"wp:attachment":[{"href":"https:\/\/famadesa.es\/en\/wp-json\/wp\/v2\/media?parent=1932"}],"wp:term":[{"taxonomy":"category","embeddable":true,"href":"https:\/\/famadesa.es\/en\/wp-json\/wp\/v2\/categories?post=1932"},{"taxonomy":"post_tag","embeddable":true,"href":"https:\/\/famadesa.es\/en\/wp-json\/wp\/v2\/tags?post=1932"}],"curies":[{"name":"wp","href":"https:\/\/api.w.org\/{rel}","templated":true}]}}