{"id":2198,"date":"2022-02-22T15:54:03","date_gmt":"2022-02-22T15:54:03","guid":{"rendered":"https:\/\/famadesa.es\/?p=2198"},"modified":"2023-10-24T10:32:51","modified_gmt":"2023-10-24T10:32:51","slug":"federico-beltran-medalla-de-andalucia-en-la-categoria-de-economia-y-empresa","status":"publish","type":"post","link":"https:\/\/famadesa.es\/en\/federico-beltran-medalla-de-andalucia-en-la-categoria-de-economia-y-empresa\/","title":{"rendered":"FEDERICO BELTR\u00c1N, MEDALLA DE ANDALUC\u00cdA EN LA CATEGOR\u00cdA  DE ECONOM\u00cdA Y EMPRESA"},"content":{"rendered":"<p><strong>\u2022 El presidente de Famadesa recibe la feliz noticia en el a\u00f1o de la celebraci\u00f3n del 50 aniversario de la empresa que abandera, Famadesa.<\/strong><\/p>\n<p><strong>\u2022 Empresario de renombre a todos los niveles, ha destacado desde siempre por su humildad, solidaridad y por su esfuerzo y tes\u00f3n en el trabajo.<\/strong><\/p>\n<p><strong>M\u00c1LAGA \u2013 22\/02\/22 \u2013 Federico Beltr\u00e1n, presidente de la industria c\u00e1rnica Famadesa, afincada en la barriada de Campanillas, M\u00e1laga, recibir\u00e1 la Medalla de Andaluc\u00eda, en la categor\u00eda de Econom\u00eda y Empresa, el pr\u00f3ximo lunes con motivo de la conmemoraci\u00f3n del d\u00eda de nuestra comunidad aut\u00f3noma.<\/strong><\/p>\n<p><strong>Este mediod\u00eda el portavoz del gobierno de la Junta de Andaluc\u00eda, El\u00edas Bendodo, ha hecho p\u00fablico el listado de andaluces, que han sido galardonados en el presente a\u00f1o.<\/strong><\/p>\n<p><strong>\u201cMe siento profundamente honrado de recibir esta menci\u00f3n en mi tierra, Andaluc\u00eda -ha declarado Beltr\u00e1n-, desde donde siempre he querido llevar los valores que nos identifican como el esfuerzo, la humildad, la confianza en el trabajo bien hecho y la solidaridad. Es un galard\u00f3n que hoy quiero compartir con todos aquellos que son parte de un proyecto local, con vocaci\u00f3n internacional, que naci\u00f3 en un peque\u00f1o matadero de barrio para llegar a ser lo que hoy es, referente de modernidad\u201d.<\/strong><\/p>\n<p>Beltr\u00e1n, con reconocido prestigio en el sector c\u00e1rnico nacional e internacional a trav\u00e9s de la empresa que dirige y que este a\u00f1o est\u00e1 celebrando su 50 aniversario, destaca principalmente por su compromiso con la generaci\u00f3n de empleo y con la escucha activa a las necesidades de todos los sectores sociales, que llaman a la puerta de la compa\u00f1\u00eda que lidera y da empleo a m\u00e1s de 1000 trabajadores.<\/p>\n<p>El presidente de Famadesa, ha querido tambi\u00e9n hoy tener un recuerdo muy especial para su madre, de qui\u00e9n aprendi\u00f3 -desde aquella peque\u00f1a tienda de comestibles que regentaba en Campanillas-, no s\u00f3lo las bases de la Econom\u00eda, sino a contribuir en positivo en su comunidad, en la medida de lo posible.<\/p>\n","protected":false},"excerpt":{"rendered":"<p>\u2022 El presidente de Famadesa recibe la feliz noticia en el a\u00f1o de la celebraci\u00f3n del 50 aniversario de la empresa que abandera, Famadesa. \u2022 Empresario de renombre a todos los niveles, ha destacado desde siempre por su humildad, solidaridad y por su esfuerzo y tes\u00f3n en el trabajo. M\u00c1LAGA \u2013 22\/02\/22 \u2013 Federico Beltr\u00e1n, [&hellip;]<\/p>\n","protected":false},"author":1,"featured_media":4683,"comment_status":"open","ping_status":"open","sticky":false,"template":"","format":"standard","meta":{"footnotes":""},"categories":[96],"tags":[],"class_list":["post-2198","post","type-post","status-publish","format-standard","has-post-thumbnail","hentry","category-famadesa"],"_links":{"self":[{"href":"https:\/\/famadesa.es\/en\/wp-json\/wp\/v2\/posts\/2198","targetHints":{"allow":["GET"]}}],"collection":[{"href":"https:\/\/famadesa.es\/en\/wp-json\/wp\/v2\/posts"}],"about":[{"href":"https:\/\/famadesa.es\/en\/wp-json\/wp\/v2\/types\/post"}],"author":[{"embeddable":true,"href":"https:\/\/famadesa.es\/en\/wp-json\/wp\/v2\/users\/1"}],"replies":[{"embeddable":true,"href":"https:\/\/famadesa.es\/en\/wp-json\/wp\/v2\/comments?post=2198"}],"version-history":[{"count":1,"href":"https:\/\/famadesa.es\/en\/wp-json\/wp\/v2\/posts\/2198\/revisions"}],"predecessor-version":[{"id":4684,"href":"https:\/\/famadesa.es\/en\/wp-json\/wp\/v2\/posts\/2198\/revisions\/4684"}],"wp:featuredmedia":[{"embeddable":true,"href":"https:\/\/famadesa.es\/en\/wp-json\/wp\/v2\/media\/4683"}],"wp:attachment":[{"href":"https:\/\/famadesa.es\/en\/wp-json\/wp\/v2\/media?parent=2198"}],"wp:term":[{"taxonomy":"category","embeddable":true,"href":"https:\/\/famadesa.es\/en\/wp-json\/wp\/v2\/categories?post=2198"},{"taxonomy":"post_tag","embeddable":true,"href":"https:\/\/famadesa.es\/en\/wp-json\/wp\/v2\/tags?post=2198"}],"curies":[{"name":"wp","href":"https:\/\/api.w.org\/{rel}","templated":true}]}}