{"id":2208,"date":"2022-04-28T17:37:53","date_gmt":"2022-04-28T17:37:53","guid":{"rendered":"https:\/\/famadesa.es\/?p=2208"},"modified":"2023-10-24T10:32:05","modified_gmt":"2023-10-24T10:32:05","slug":"famadesa-premio-jabega-a-la-trayectoria-empresarial","status":"publish","type":"post","link":"https:\/\/famadesa.es\/en\/famadesa-premio-jabega-a-la-trayectoria-empresarial\/","title":{"rendered":"FAMADESA, PREMIO J\u00c1BEGA A LA TRAYECTORIA EMPRESARIAL"},"content":{"rendered":"<ul>\n<li><strong>La c\u00e1rnica de Campanillas ha sido reconocida por su compromiso con el sentimiento y la excelencia malague\u00f1a.<\/strong><\/li>\n<\/ul>\n<p><strong>Federico Beltr\u00e1n, presidente de FAMADESA, ha recogido en la tarde de hoy el premio J\u00e1bega a la trayectoria empresarial, en un acto celebrado en el auditorio del Centro Pompidou, en M\u00e1laga. <\/strong><\/p>\n<p><strong>Estos galardones reconocen, desde su primera edici\u00f3n en 2013, la excelencia, la b\u00fasqueda y el hallazgo del m\u00e9rito en una trayectoria, en un hecho, en la consecuci\u00f3n de metas, crecimiento y empoderamiento de la creatividad, la innovaci\u00f3n y la cultura en cualquiera de sus manifestaciones.<\/strong><\/p>\n<p><strong>M\u00c1LAGA. &#8211; <\/strong>\u2022 La Asociaci\u00f3n J\u00e1bega es una asociaci\u00f3n cultural cuyo objetivo es la promoci\u00f3n cultural, ubicada en M\u00e1laga y de \u00e1mbito andaluz. Esta entidad tiene la pretensi\u00f3n de promocionar la imagen moderna de M\u00e1laga y Andaluc\u00eda, galardonando a aquellas personalidades e instituciones p\u00fablicas y privadas, que hayan llevado el \u00e1mbito malague\u00f1o y andaluz a otros rincones de Espa\u00f1a, o del mundo.<\/p>\n<p>En este sentido, Federico Beltr\u00e1n, ha querido valorar la vinculaci\u00f3n directa con la ciudad, en un a\u00f1o en el que Famadesa est\u00e1 celebrando su 50 aniversario. <em>\u201c50 a\u00f1os dan para mucho -ha declarado Beltr\u00e1n- Y el haber estado vinculados desde siempre a nuestra tierra, M\u00e1laga, nos permite a su vez haber sido testigos de su evoluci\u00f3n y del cambio cultural, econ\u00f3mico, pol\u00edtico y social de esta ciudad, a la que tan ligados siempre hemos querido estar y apoyar\u201d. <\/em><\/p>\n<p>El presidente de Famadesa, ha incidido tambi\u00e9n en el sentido de pertenencia con todo lo malague\u00f1o de la industria que lidera, afirmando que est\u00e1 muy arraigado. A su vez, ha destacado el compromiso de estos premios con la excelencia malague\u00f1a, <em>\u201calgo que nosotros siempre buscamos; cuidando desde el origen, con dedicaci\u00f3n y esfuerzo en nuestro trabajo diario\u201d.<\/em><\/p>\n<p><img fetchpriority=\"high\" decoding=\"async\" class=\"aligncenter size-large wp-image-2221\" src=\"https:\/\/famadesa.es\/wp-content\/uploads\/2022\/04\/premio-jabega-famadesa-1-1024x1024.jpeg\" alt=\"premio jabega famadesa 1\" width=\"1024\" height=\"1024\" srcset=\"https:\/\/famadesa.es\/wp-content\/uploads\/2022\/04\/premio-jabega-famadesa-1-1024x1024.jpeg 1024w, https:\/\/famadesa.es\/wp-content\/uploads\/2022\/04\/premio-jabega-famadesa-1-300x300.jpeg 300w, https:\/\/famadesa.es\/wp-content\/uploads\/2022\/04\/premio-jabega-famadesa-1-150x150.jpeg 150w, https:\/\/famadesa.es\/wp-content\/uploads\/2022\/04\/premio-jabega-famadesa-1-768x768.jpeg 768w, https:\/\/famadesa.es\/wp-content\/uploads\/2022\/04\/premio-jabega-famadesa-1-1536x1536.jpeg 1536w, https:\/\/famadesa.es\/wp-content\/uploads\/2022\/04\/premio-jabega-famadesa-1-600x600.jpeg 600w, https:\/\/famadesa.es\/wp-content\/uploads\/2022\/04\/premio-jabega-famadesa-1-100x100.jpeg 100w, https:\/\/famadesa.es\/wp-content\/uploads\/2022\/04\/premio-jabega-famadesa-1.jpeg 2000w\" sizes=\"(max-width: 1024px) 100vw, 1024px\" \/><\/p>\n<p><img decoding=\"async\" class=\"aligncenter size-large wp-image-2223\" src=\"https:\/\/famadesa.es\/wp-content\/uploads\/2022\/04\/Premio-Jabega-Famadesa-2-1024x577.jpg\" alt=\"Premio Jabega Famadesa 2\" width=\"1024\" height=\"577\" srcset=\"https:\/\/famadesa.es\/wp-content\/uploads\/2022\/04\/Premio-Jabega-Famadesa-2-1024x577.jpg 1024w, https:\/\/famadesa.es\/wp-content\/uploads\/2022\/04\/Premio-Jabega-Famadesa-2-300x169.jpg 300w, https:\/\/famadesa.es\/wp-content\/uploads\/2022\/04\/Premio-Jabega-Famadesa-2-768x432.jpg 768w, https:\/\/famadesa.es\/wp-content\/uploads\/2022\/04\/Premio-Jabega-Famadesa-2-1536x865.jpg 1536w, https:\/\/famadesa.es\/wp-content\/uploads\/2022\/04\/Premio-Jabega-Famadesa-2-600x338.jpg 600w, https:\/\/famadesa.es\/wp-content\/uploads\/2022\/04\/Premio-Jabega-Famadesa-2.jpg 2000w\" sizes=\"(max-width: 1024px) 100vw, 1024px\" \/><\/p>\n<p>&nbsp;<\/p>\n","protected":false},"excerpt":{"rendered":"<p>La c\u00e1rnica de Campanillas ha sido reconocida por su compromiso con el sentimiento y la excelencia malague\u00f1a. Federico Beltr\u00e1n, presidente de FAMADESA, ha recogido en la tarde de hoy el premio J\u00e1bega a la trayectoria empresarial, en un acto celebrado en el auditorio del Centro Pompidou, en M\u00e1laga. Estos galardones reconocen, desde su primera edici\u00f3n [&hellip;]<\/p>\n","protected":false},"author":1,"featured_media":4679,"comment_status":"open","ping_status":"open","sticky":false,"template":"","format":"standard","meta":{"footnotes":""},"categories":[96],"tags":[],"class_list":["post-2208","post","type-post","status-publish","format-standard","has-post-thumbnail","hentry","category-famadesa"],"_links":{"self":[{"href":"https:\/\/famadesa.es\/en\/wp-json\/wp\/v2\/posts\/2208","targetHints":{"allow":["GET"]}}],"collection":[{"href":"https:\/\/famadesa.es\/en\/wp-json\/wp\/v2\/posts"}],"about":[{"href":"https:\/\/famadesa.es\/en\/wp-json\/wp\/v2\/types\/post"}],"author":[{"embeddable":true,"href":"https:\/\/famadesa.es\/en\/wp-json\/wp\/v2\/users\/1"}],"replies":[{"embeddable":true,"href":"https:\/\/famadesa.es\/en\/wp-json\/wp\/v2\/comments?post=2208"}],"version-history":[{"count":1,"href":"https:\/\/famadesa.es\/en\/wp-json\/wp\/v2\/posts\/2208\/revisions"}],"predecessor-version":[{"id":4680,"href":"https:\/\/famadesa.es\/en\/wp-json\/wp\/v2\/posts\/2208\/revisions\/4680"}],"wp:featuredmedia":[{"embeddable":true,"href":"https:\/\/famadesa.es\/en\/wp-json\/wp\/v2\/media\/4679"}],"wp:attachment":[{"href":"https:\/\/famadesa.es\/en\/wp-json\/wp\/v2\/media?parent=2208"}],"wp:term":[{"taxonomy":"category","embeddable":true,"href":"https:\/\/famadesa.es\/en\/wp-json\/wp\/v2\/categories?post=2208"},{"taxonomy":"post_tag","embeddable":true,"href":"https:\/\/famadesa.es\/en\/wp-json\/wp\/v2\/tags?post=2208"}],"curies":[{"name":"wp","href":"https:\/\/api.w.org\/{rel}","templated":true}]}}