{"id":2446,"date":"2023-12-19T11:15:32","date_gmt":"2023-12-19T11:15:32","guid":{"rendered":"https:\/\/famadesa.es\/?p=2446"},"modified":"2023-12-19T11:15:32","modified_gmt":"2023-12-19T11:15:32","slug":"campana-nuestra-infancia-nuestro-futuro","status":"publish","type":"post","link":"https:\/\/famadesa.es\/en\/campana-nuestra-infancia-nuestro-futuro\/","title":{"rendered":"CAMPA\u00d1A NUESTRA INFANCIA, NUESTRO FUTURO."},"content":{"rendered":"\n<p><strong><em>\u201c<\/em><\/strong><strong><em>Caminando hacia el Futuro<\/em><\/strong><strong><em>\u201d<\/em><\/strong><strong><em>, campa\u00f1a de Navidad de Famadesa<\/em><\/strong><\/p>\n\n\n\n<p class=\"has-text-align-center\"><strong>FAMADESA AFIANZA SU COMPROMISO CON LA INFANCIA CON LA DONACI\u00d3N DE M\u00c1S DE 800 JUGUETES<\/strong><\/p>\n\n\n\n<ul class=\"wp-block-list\">\n<li><strong>Famad\u00edn, Duende de la Navidad de Famadesa, comparti\u00f3 hace d\u00edas con los hijos de los trabajadores, una especial jornada navide\u00f1a, para contarles en vivo la historia de esta empresa malague\u00f1a, de la que forman parte.<\/strong><\/li>\n<\/ul>\n\n\n\n<ul class=\"wp-block-list\">\n<li><strong>De nuevo, son los propios trabajadores los protagonistas de la campa\u00f1a de Navidad, pero en esta ocasi\u00f3n junto a sus peque\u00f1os, que la hace a\u00fan m\u00e1s especial.<\/strong><\/li>\n<\/ul>\n\n\n\n<ul class=\"wp-block-list\">\n<li><strong>En un a\u00f1o en el que la industria c\u00e1rnica tiene previsto inaugurar sus nuevas instalaciones, con una clara apuesta en I+D+i, sostenibilidad y bienestar animal, ha enfocado su felicitaci\u00f3n navide\u00f1a en el valor de la infancia que no s\u00f3lo es el futuro, sino el presente m\u00e1s cercano.<\/strong> <\/li>\n<\/ul>\n\n\n\n<p><\/p>\n\n\n\n<p><strong>M\u00c1LAGA \u2013 19\/12\/23 \u2013 Este a\u00f1o la Navidad comenz\u00f3 antes que nunca en Famadesa, porque los protagonistas de la campa\u00f1a son los hijos de los trabajadores que han participado en VII Concurso de Postales Navide\u00f1as, Presume de Navidad. Estos n\u00f3veles artistas presentaron sus propuestas all\u00e1 por el mes de octubre.<\/strong> <\/p>\n\n\n\n<p><strong>Desde entonces se viene hablando de Navidad y de la llegada de nuestro querido Famad\u00edn, duende de la Navidad. El encuentro se dio en una jornada muy emotiva, en la que Famad\u00edn comparti\u00f3 con los peque\u00f1os juegos y aventuras, adem\u00e1s de contarles la historia de esta empresa que supera sus 50 a\u00f1os de andadura. Valores como el trabajo en equipo, la superaci\u00f3n y el compa\u00f1erismo han hecho de esta industria c\u00e1rnica lo que hoy es, pero tambi\u00e9n su clara mirada de proyecci\u00f3n hacia el futuro.<\/strong> <\/p>\n\n\n\n<p>En opini\u00f3n de Federico Beltr\u00e1n, presidente de la empresa malague\u00f1a, <em>\u201cnuestros ni\u00f1as y ni\u00f1os son nuestro presente m\u00e1s importante y en ellos tenemos que enfocarnos todos. Proyectarnos hacia el futuro para que \u00e9ste sea m\u00e1s sostenible, m\u00e1s humano y m\u00e1s pr\u00f3spero, es una de nuestras prioridades. Cuidar de nuestro presente para mirar hacia el futuro -afirma Beltr\u00e1n- es garant\u00eda de \u00e9xito, no s\u00f3lo a nivel empresarial, sino tambi\u00e9n generacional\u201d.<\/em><\/p>\n\n\n\n<p><em>\u201c<\/em><em>Ir adapt\u00e1ndonos a los nuevos tiempos para seguir creando empleo, que aporte seguridad a nuestras familias y hacerlo de una forma respetuosa <\/em>con <em>el medioambiente y el bienestar animal, es nuestra gran prioridad para este 2024<\/em><em>\u201d<\/em><em>, concluye el presidente.<\/em><\/p>\n\n\n\n<p><strong>El Duende de la Navidad y el Libro M\u00e1gico<\/strong><\/p>\n\n\n\n<p>Por cuanto a\u00f1o consecutivo, es Famad\u00edn quien hace de hilo conductor de la campa\u00f1a de Navidad de Famadesa, col\u00e1ndose en nuestros hogares en forma de video cuento. \u00c9l nos va contando -a trav\u00e9s de un libro m\u00e1gico- los m\u00e1s de cincuenta a\u00f1os de historia de esta industria c\u00e1rnica malague\u00f1a, a la que a\u00fan le quedan muchas m\u00e1s p\u00e1ginas por escribir.<\/p>\n\n\n\n<p><strong>Campa\u00f1a Solidaria<\/strong><\/p>\n\n\n\n<p>Las ONG colaboradoras <em>(Cruz Roja, Club Leones La Ilusi\u00f3n, INPAVI, C\u00e1ritas, <\/em><em>Fundaci\u00f3n Andr\u00e9s Olivares, Fundaci\u00f3n Ronal McDonald\u2019s y la acci\u00f3n social Te Invito a <\/em><em>Cenar) <\/em>ya est\u00e1n recibiendo los m\u00e1s de 800 juguetes, para que los ni\u00f1os y ni\u00f1as de M\u00e1laga puedan mantener viva la ilusi\u00f3n de la Navidad. Una campa\u00f1a solidaria que ya cumple cuatro a\u00f1os.<\/p>\n\n\n\n<p>Desde Famadesa se quiere reconocer la entrega de toda la plantilla en esta acci\u00f3n social, as\u00ed como el compromiso con el trabajo diario.<\/p>\n\n\n\n<p><strong>Recursos gr\u00e1ficos:<\/strong><\/p>\n\n\n\n<p>&#8211; &nbsp;<strong>Fotograf\u00edas: <\/strong>se adjuntan por email y en este enlace: <a href=\"https:\/\/we.tl\/t- Ltal3mT9CB\" rel=\"nofollow noopener\" target=\"_blank\">https:\/\/we.tl\/t- Ltal3mT9CB<\/a><\/p>\n\n\n\n<p>&#8211; \u00a0<strong>Acceso enlace videos:<br><\/strong>o <strong>COMPLETO: <\/strong><a href=\"https:\/\/youtu.be\/BetQkyRxzg8\" rel=\"nofollow noopener\" target=\"_blank\">https:\/\/youtu.be\/BetQkyRxzg8<\/a> <\/p>\n\n\n\n<p>o <strong>TEASER: <\/strong><a href=\"https:\/\/youtu.be\/VCE-Zs17xEw\" rel=\"nofollow noopener\" target=\"_blank\">https:\/\/youtu.be\/VCE-Zs17xEw<\/a> <\/p>\n\n\n\n<p><\/p>\n\n\n\n<figure class=\"wp-block-image size-full\"><img decoding=\"async\" src=\"https:\/\/famadesa.es\/wp-content\/uploads\/2023\/12\/seleccion-de-fotos-famadesa-camapana-navidad-2023.jpeg\" alt=\"\" class=\"wp-image-2451\"\/><\/figure>\n","protected":false},"excerpt":{"rendered":"<p>\u201cCaminando hacia el Futuro\u201d, campa\u00f1a de Navidad de Famadesa FAMADESA AFIANZA SU COMPROMISO CON LA INFANCIA CON LA DONACI\u00d3N DE M\u00c1S DE 800 JUGUETES M\u00c1LAGA \u2013 19\/12\/23 \u2013 Este a\u00f1o la Navidad comenz\u00f3 antes que nunca en Famadesa, porque los protagonistas de la campa\u00f1a son los hijos de los trabajadores que han participado en VII [&hellip;]<\/p>\n","protected":false},"author":4,"featured_media":2448,"comment_status":"open","ping_status":"open","sticky":false,"template":"","format":"standard","meta":{"footnotes":""},"categories":[96],"tags":[],"class_list":["post-2446","post","type-post","status-publish","format-standard","has-post-thumbnail","hentry","category-famadesa"],"_links":{"self":[{"href":"https:\/\/famadesa.es\/en\/wp-json\/wp\/v2\/posts\/2446","targetHints":{"allow":["GET"]}}],"collection":[{"href":"https:\/\/famadesa.es\/en\/wp-json\/wp\/v2\/posts"}],"about":[{"href":"https:\/\/famadesa.es\/en\/wp-json\/wp\/v2\/types\/post"}],"author":[{"embeddable":true,"href":"https:\/\/famadesa.es\/en\/wp-json\/wp\/v2\/users\/4"}],"replies":[{"embeddable":true,"href":"https:\/\/famadesa.es\/en\/wp-json\/wp\/v2\/comments?post=2446"}],"version-history":[{"count":0,"href":"https:\/\/famadesa.es\/en\/wp-json\/wp\/v2\/posts\/2446\/revisions"}],"wp:featuredmedia":[{"embeddable":true,"href":"https:\/\/famadesa.es\/en\/wp-json\/wp\/v2\/media\/2448"}],"wp:attachment":[{"href":"https:\/\/famadesa.es\/en\/wp-json\/wp\/v2\/media?parent=2446"}],"wp:term":[{"taxonomy":"category","embeddable":true,"href":"https:\/\/famadesa.es\/en\/wp-json\/wp\/v2\/categories?post=2446"},{"taxonomy":"post_tag","embeddable":true,"href":"https:\/\/famadesa.es\/en\/wp-json\/wp\/v2\/tags?post=2446"}],"curies":[{"name":"wp","href":"https:\/\/api.w.org\/{rel}","templated":true}]}}