{"id":2478,"date":"2024-03-19T09:33:09","date_gmt":"2024-03-19T09:33:09","guid":{"rendered":"https:\/\/famadesa.es\/?p=2478"},"modified":"2024-03-19T09:33:09","modified_gmt":"2024-03-19T09:33:09","slug":"famadesa_presenta_en_alimentaria_su_nueva_planta","status":"publish","type":"post","link":"https:\/\/famadesa.es\/en\/famadesa_presenta_en_alimentaria_su_nueva_planta\/","title":{"rendered":"FAMADESA PRESENTA EN ALIMENTARIA SU NUEVA PLANTA\u00a0"},"content":{"rendered":"\n<p class=\"has-text-align-center\"><strong>Innovaci\u00f3n y Desarrollo al servicio de la tradici\u00f3n<\/strong><\/p>\n\n\n\n<ul class=\"wp-block-list\">\n<li><strong>La industria c\u00e1rnica ultima la puesta a punto para el inicio de su nueva planta en unas semanas<\/strong><\/li>\n\n\n\n<li><strong>Alimentaria & Hostelco acoge a m\u00e1s de 3.000 expositores<\/strong><\/li>\n<\/ul>\n\n\n\n<p><\/p>\n\n\n\n<p><strong>M\u00c1LAGA \u2013 18\/03\/24 &#8211; Famadesa, la industria c\u00e1rnica malague\u00f1a presidida por el empresario Federico Beltr\u00e1n, est\u00e1 ultimando estos d\u00edas la puesta en marcha de sus nuevas instalaciones, que se va a dar a conocer por vez primera en Alimentaria. Esta feria que hoy comienza, en el recinto Gran V\u00eda de Fira de Barcelona, espera superar los datos de su anterior edici\u00f3n con m\u00e1s de 3.000 empresas expositoras (un 29% internacionales) a la que acudieron m\u00e1s de 100.000 visitantes, de los cuales un 23% procedieron de 150 pa\u00edses. &nbsp;<\/strong><\/p>\n\n\n\n<p><strong>Famadesa presenta una ampliaci\u00f3n y mejora tecnol\u00f3gica en I+D+i, cuya primera fase comenz\u00f3 en 2020, que la va a posicionar en la casilla de salida de la vanguardia tecnol\u00f3gica nacional, poniendo la innovaci\u00f3n al servicio de la tradici\u00f3n. Este ambicioso proyecto ha sido subvencionado por la Uni\u00f3n Europea y con una inversi\u00f3n final propia de 44M\u20ac.&nbsp;<\/strong><\/p>\n\n\n\n<p><strong>Merced a su nueva sala de despiece va a permitir una mejora en la optimizaci\u00f3n del proceso productivo, as\u00ed como un mejor control del rendimiento mediante puntos ID. Cuenta tambi\u00e9n entre otras mejoras, con nueva c\u00e1mara de oreo y estabilizaci\u00f3n con capacidad para 10.000 canales, as\u00ed como nuevos muelles de carga y un nuevo almac\u00e9n de cajas din\u00e1mico, con capacidad para 3.600 cajas\/hora.<\/strong><\/p>\n\n\n\n<p><strong>Bienestar animal y sostenibilidad&nbsp;<\/strong><\/p>\n\n\n\n<p>El sector ganadero en general y el porcino en particular, lleva a\u00f1os trabajando en la mejora de la protecci\u00f3n del medio ambiente, as\u00ed como en reducir el impacto que esta actividad tiene en el mismo, apostando por la reducci\u00f3n del consumo de agua, de energ\u00eda y especialmente, reduciendo la emisi\u00f3n de gases efectos invernadero. &nbsp;<\/p>\n\n\n\n<p>Comprometida con el bienestar animal, Famadesa, tambi\u00e9n ha puesto la tecnolog\u00eda al servicio de este concepto, introduciendo mejoras importantes, que permitan controlar en remoto, por ejemplo, las condiciones de temperatura, calefacci\u00f3n, humedad, renovaci\u00f3n del aire, bebederos, tolvas, etc. lo que asegura el bienestar de los animales y mejorar los resultados de productividad.&nbsp;<\/p>\n\n\n\n<p><strong>Alimentaria 2024<\/strong><\/p>\n\n\n\n<p>La zona expositiva de Famadesa, pabell\u00f3n 3 &#8211; estand B-290, est\u00e1 ubicada en Intercarn, espacio dedicado a los productos c\u00e1rnicos y derivados. \u00c9ste es el mayor sal\u00f3n de Alimentaria tanto en superficie expositiva, con casi 14.000 m2, como en n\u00famero de empresas directas participantes, m\u00e1s de 300.<\/p>\n\n\n\n<p><strong>Sobre Famadesa<\/strong><\/p>\n\n\n\n<p>FAMADESA es la organizaci\u00f3n m\u00e1s representativa de un grupo empresarial, compuesto por un <em>holding<\/em> m\u00e1s amplio. Sus inicios se remontan a 53 a\u00f1os atr\u00e1s, en un peque\u00f1o matadero de Campanillas, M\u00e1laga.&nbsp;<\/p>\n\n\n\n<p>Como grupo empresarial se dedica a la cr\u00eda, engorde, explotaci\u00f3n, venta y comercializaci\u00f3n de ganado; a la fabricaci\u00f3n y transformaci\u00f3n de art\u00edculos derivados de la carne y otros productos alimenticios; al procesado y conservaci\u00f3n de alimentos, junto a la comercializaci\u00f3n, distribuci\u00f3n y transporte de productos elaborados hasta el consumidor final, con un secadero de m\u00e1s 300.000 piezas.&nbsp;<\/p>\n\n\n\n<p>El 2023, alcanz\u00f3 una cifra de negocio r\u00e9cord de 351M\u20ac. Esto supone un 22% m\u00e1s que en el ejercicio anterior<em>.<\/em>La cifra de ventas en Exportaci\u00f3n supera los 137M\u20ac (un 10,56% m\u00e1s que en 2022). Respecto a ventas nacionales alcanza los casi 214M\u20ac (un 31,38% m\u00e1s que en el periodo anterior). Famadesa porcent\u00faa sus ventas en un 60% nacional y un 40% internacional.&nbsp;<\/p>\n\n\n\n<p>Recursos gr\u00e1ficos:<\/p>\n\n\n\n<p>Collage: <a href=\"https:\/\/famadesa.es\/wp-content\/uploads\/2024\/03\/COLLAGE_NUEVA_PLANTA_FAMADESA_2024-1.jpg\">Enlace 1<\/a><\/p>\n\n\n\n<p>Portada fachada: <a href=\"https:\/\/famadesa.es\/wp-content\/uploads\/2024\/03\/FACHADA_NUEVA_PLANTA_FAMADESA_180324-scaled.jpg\">Enlace 2<\/a><\/p>\n\n\n\n<p>Video ampliaci\u00f3n de instalaciones: <a href=\"https:\/\/youtu.be\/AXCyEbaWT4w\" rel=\"nofollow noopener\" target=\"_blank\">Enlace 3<\/a><\/p>\n","protected":false},"excerpt":{"rendered":"<p>Innovaci\u00f3n y Desarrollo al servicio de la tradici\u00f3n M\u00c1LAGA \u2013 18\/03\/24 &#8211; Famadesa, la industria c\u00e1rnica malague\u00f1a presidida por el empresario Federico Beltr\u00e1n, est\u00e1 ultimando estos d\u00edas la puesta en marcha de sus nuevas instalaciones, que se va a dar a conocer por vez primera en Alimentaria. Esta feria que hoy comienza, en el recinto [&hellip;]<\/p>\n","protected":false},"author":3,"featured_media":2485,"comment_status":"open","ping_status":"open","sticky":false,"template":"","format":"standard","meta":{"footnotes":""},"categories":[1],"tags":[],"class_list":["post-2478","post","type-post","status-publish","format-standard","has-post-thumbnail","hentry","category-sin-categoria"],"_links":{"self":[{"href":"https:\/\/famadesa.es\/en\/wp-json\/wp\/v2\/posts\/2478","targetHints":{"allow":["GET"]}}],"collection":[{"href":"https:\/\/famadesa.es\/en\/wp-json\/wp\/v2\/posts"}],"about":[{"href":"https:\/\/famadesa.es\/en\/wp-json\/wp\/v2\/types\/post"}],"author":[{"embeddable":true,"href":"https:\/\/famadesa.es\/en\/wp-json\/wp\/v2\/users\/3"}],"replies":[{"embeddable":true,"href":"https:\/\/famadesa.es\/en\/wp-json\/wp\/v2\/comments?post=2478"}],"version-history":[{"count":0,"href":"https:\/\/famadesa.es\/en\/wp-json\/wp\/v2\/posts\/2478\/revisions"}],"wp:featuredmedia":[{"embeddable":true,"href":"https:\/\/famadesa.es\/en\/wp-json\/"}],"wp:attachment":[{"href":"https:\/\/famadesa.es\/en\/wp-json\/wp\/v2\/media?parent=2478"}],"wp:term":[{"taxonomy":"category","embeddable":true,"href":"https:\/\/famadesa.es\/en\/wp-json\/wp\/v2\/categories?post=2478"},{"taxonomy":"post_tag","embeddable":true,"href":"https:\/\/famadesa.es\/en\/wp-json\/wp\/v2\/tags?post=2478"}],"curies":[{"name":"wp","href":"https:\/\/api.w.org\/{rel}","templated":true}]}}