{"id":349,"date":"2016-02-25T11:02:16","date_gmt":"2016-02-25T11:02:16","guid":{"rendered":"https:\/\/famadesa.es\/?p=349\/"},"modified":"2016-02-25T11:02:16","modified_gmt":"2016-02-25T11:02:16","slug":"famadesa-celebra-el-liderazgo-de-espana-en-produccion-porcina-de-la-ue","status":"publish","type":"post","link":"https:\/\/famadesa.es\/en\/famadesa-celebra-el-liderazgo-de-espana-en-produccion-porcina-de-la-ue\/","title":{"rendered":"Famadesa celebra el liderazgo de Espa\u00f1a en producci\u00f3n porcina de la UE"},"content":{"rendered":"<p>Espa\u00f1a ya es el primer productor porcino de la UE, superando a Alemania. En el ultimo a\u00f1o (2015) ha aumentado un 6.8% (aumento de 1.8 millones), hasta 28.4 millones de cabezas. Mientras tanto Alemania ha descendido un 2.8% (m\u00e1s de 800.00 cabezas) hasta los 27.5 millones.<\/p>\n<p>El principal aumento se ha producido en el n\u00famero de reproductoras, por lo que se prev\u00e9 que siga aumentando el censo de ganado este a\u00f1o.<\/p>\n<p>Quedan muy por detr\u00e1s , en tercer y cuatro lugar, Francia y Dinamarca, con 13.3 y 12.7 millones.<\/p>\n<p>En Famadesa, m\u00e1s del 25% de su producci\u00f3n procede de granjas propias, y las exportaciones del 2015 fueron 62.522.530 euros, que supone un 33% del total.<\/p>\n<p>El director de Famadesa, Federico Beltr\u00e1n, resalt\u00f3 que &#8220;Espa\u00f1a ya es el primer productor porcino , toda una alegr\u00eda para los que trabajamos a diario en este sector&#8221;.<\/p>\n","protected":false},"excerpt":{"rendered":"<p>Espa\u00f1a ya es el primer productor porcino de la UE, superando a Alemania. En el ultimo a\u00f1o (2015) ha aumentado un 6.8% (aumento de 1.8 millones), hasta 28.4 millones de cabezas. Mientras tanto Alemania ha descendido un 2.8% (m\u00e1s de 800.00 cabezas) hasta los 27.5 millones. El principal aumento se ha producido en el n\u00famero [&hellip;]<\/p>\n","protected":false},"author":1,"featured_media":1346,"comment_status":"open","ping_status":"open","sticky":false,"template":"","format":"standard","meta":{"footnotes":""},"categories":[96],"tags":[],"class_list":["post-349","post","type-post","status-publish","format-standard","has-post-thumbnail","hentry","category-famadesa"],"_links":{"self":[{"href":"https:\/\/famadesa.es\/en\/wp-json\/wp\/v2\/posts\/349","targetHints":{"allow":["GET"]}}],"collection":[{"href":"https:\/\/famadesa.es\/en\/wp-json\/wp\/v2\/posts"}],"about":[{"href":"https:\/\/famadesa.es\/en\/wp-json\/wp\/v2\/types\/post"}],"author":[{"embeddable":true,"href":"https:\/\/famadesa.es\/en\/wp-json\/wp\/v2\/users\/1"}],"replies":[{"embeddable":true,"href":"https:\/\/famadesa.es\/en\/wp-json\/wp\/v2\/comments?post=349"}],"version-history":[{"count":0,"href":"https:\/\/famadesa.es\/en\/wp-json\/wp\/v2\/posts\/349\/revisions"}],"wp:featuredmedia":[{"embeddable":true,"href":"https:\/\/famadesa.es\/en\/wp-json\/wp\/v2\/media\/1346"}],"wp:attachment":[{"href":"https:\/\/famadesa.es\/en\/wp-json\/wp\/v2\/media?parent=349"}],"wp:term":[{"taxonomy":"category","embeddable":true,"href":"https:\/\/famadesa.es\/en\/wp-json\/wp\/v2\/categories?post=349"},{"taxonomy":"post_tag","embeddable":true,"href":"https:\/\/famadesa.es\/en\/wp-json\/wp\/v2\/tags?post=349"}],"curies":[{"name":"wp","href":"https:\/\/api.w.org\/{rel}","templated":true}]}}