{"id":4405,"date":"2013-10-12T10:15:15","date_gmt":"2013-10-12T10:15:15","guid":{"rendered":"https:\/\/famadesa.es\/?p=316\/"},"modified":"2013-10-12T10:15:15","modified_gmt":"2013-10-12T10:15:15","slug":"la-federacion-de-penas-nombra-a-federico-beltran-malagueno-de-pura-cepa","status":"publish","type":"post","link":"https:\/\/famadesa.es\/en\/la-federacion-de-penas-nombra-a-federico-beltran-malagueno-de-pura-cepa\/","title":{"rendered":"La Federaci\u00f3n de Pe\u00f1as nombra a Federico Beltr\u00e1n &#8220;Malague\u00f1o de Pura Cepa&#8221;"},"content":{"rendered":"<p>La Federaci\u00f3n Malague\u00f1a de Pe\u00f1as, Centros Culturales y Casas Regionales La Alcazaba ha nombrado por unanimidad Malague\u00f1o de Pura Cepa al presidente de Famadesa,\u00a0<strong>Federico Beltr\u00e1n<\/strong>. Con este galard\u00f3n, la Federaci\u00f3n reconoce la trayectoria de Beltr\u00e1n como empresario, como presidente del M\u00e1laga CF y como directivo de la plaza de toros.<\/p>\n<p>Asimismo, la Federaci\u00f3n tambi\u00e9n ha decidido conceder a la concejal Teresa Porras el escudo de oro por su vinculaci\u00f3n y trabajo con las pe\u00f1as durante todo el a\u00f1o. Los premios se han entregado en un acto celebrado en el\u00a0<strong>P\u00f3rtico de Vel\u00e1zquez con motivo del XXXIII aniversario<\/strong>\u00a0del colectivo.<\/p>\n","protected":false},"excerpt":{"rendered":"<p>La Federaci\u00f3n Malague\u00f1a de Pe\u00f1as, Centros Culturales y Casas Regionales La Alcazaba ha nombrado por unanimidad Malague\u00f1o de Pura Cepa al presidente de Famadesa,\u00a0Federico Beltr\u00e1n. Con este galard\u00f3n, la Federaci\u00f3n reconoce la trayectoria de Beltr\u00e1n como empresario, como presidente del M\u00e1laga CF y como directivo de la plaza de toros. Asimismo, la Federaci\u00f3n tambi\u00e9n ha [&hellip;]<\/p>\n","protected":false},"author":1,"featured_media":1354,"comment_status":"open","ping_status":"open","sticky":false,"template":"","format":"standard","meta":{"footnotes":""},"categories":[96],"tags":[],"class_list":["post-4405","post","type-post","status-publish","format-standard","has-post-thumbnail","hentry","category-famadesa"],"_links":{"self":[{"href":"https:\/\/famadesa.es\/en\/wp-json\/wp\/v2\/posts\/4405","targetHints":{"allow":["GET"]}}],"collection":[{"href":"https:\/\/famadesa.es\/en\/wp-json\/wp\/v2\/posts"}],"about":[{"href":"https:\/\/famadesa.es\/en\/wp-json\/wp\/v2\/types\/post"}],"author":[{"embeddable":true,"href":"https:\/\/famadesa.es\/en\/wp-json\/wp\/v2\/users\/1"}],"replies":[{"embeddable":true,"href":"https:\/\/famadesa.es\/en\/wp-json\/wp\/v2\/comments?post=4405"}],"version-history":[{"count":0,"href":"https:\/\/famadesa.es\/en\/wp-json\/wp\/v2\/posts\/4405\/revisions"}],"wp:featuredmedia":[{"embeddable":true,"href":"https:\/\/famadesa.es\/en\/wp-json\/wp\/v2\/media\/1354"}],"wp:attachment":[{"href":"https:\/\/famadesa.es\/en\/wp-json\/wp\/v2\/media?parent=4405"}],"wp:term":[{"taxonomy":"category","embeddable":true,"href":"https:\/\/famadesa.es\/en\/wp-json\/wp\/v2\/categories?post=4405"},{"taxonomy":"post_tag","embeddable":true,"href":"https:\/\/famadesa.es\/en\/wp-json\/wp\/v2\/tags?post=4405"}],"curies":[{"name":"wp","href":"https:\/\/api.w.org\/{rel}","templated":true}]}}