{"id":6268,"date":"2025-09-19T11:48:26","date_gmt":"2025-09-19T11:48:26","guid":{"rendered":"https:\/\/staminawebs.com\/famadesa\/?p=2693"},"modified":"2026-03-31T12:38:48","modified_gmt":"2026-03-31T12:38:48","slug":"famadesa-1-congreso-andaluz-empresa-familiar","status":"publish","type":"post","link":"https:\/\/famadesa.es\/en\/famadesa-1-congreso-andaluz-empresa-familiar\/","title":{"rendered":"Famadesa presente en I Congreso Andaluz de la Empresa Familiar"},"content":{"rendered":"\n<p>Nuestro presidente y adjunto a direcci\u00f3n, Federico y Guillermo Beltr\u00e1n, protagonizaron ayer, junto a Vicente Mart\u00edn, due\u00f1o del Grupo MAS y su hijo, la \u00faltima de las <a><\/a>cinco mesas de debate del <img decoding=\"async\" height=\"16\" width=\"16\" alt=\"\ud83d\udcc5\" src=\"https:\/\/static.xx.fbcdn.net\/images\/emoji.php\/v9\/t1d\/2\/16\/1f4c5.png\"><img decoding=\"async\" height=\"16\" width=\"16\" alt=\"\ud83d\udcc4\" src=\"https:\/\/static.xx.fbcdn.net\/images\/emoji.php\/v9\/t9c\/2\/16\/1f4c4.png\"> I Congreso Andaluz de la Empresa Familiar, organizado por la Asociaci\u00f3n Andaluza de la Empresa Familiar.<\/p>\n\n\n\n<p>F. Beltr\u00e1n centr\u00f3 sus palabras en los valores de Famadesa (esfuerzo, dedicaci\u00f3n, equipo, humildad y trabajo) y la importante de saber mantenerlos, adem\u00e1s de mantener siempre una mirada optimista de los negocios. Por su parte, su hijo. G. Beltr\u00e1n, quiso poner en valor entre otros aspectos, la experiencia de los m\u00e1s veteranos, para que sean transmisores de de conocimiento a los m\u00e1s j\u00f3venes.<\/p>\n\n\n\n<p>Esta ponencia compartida entre miembros de varias generaciones de estas dos empresas, fue el colof\u00f3n de oro de la jornada. La cercan\u00eda de sus participantes y lo distendido del contenido expuesto, entre padres e hijos <img decoding=\"async\" height=\"16\" width=\"16\" alt=\"\ud83d\udc68\u200d\ud83d\udc66\" src=\"https:\/\/static.xx.fbcdn.net\/images\/emoji.php\/v9\/t9a\/2\/16\/1f468_200d_1f466.png\"><img decoding=\"async\" height=\"16\" width=\"16\" alt=\"\ud83d\udc68\u200d\ud83d\udc66\" src=\"https:\/\/static.xx.fbcdn.net\/images\/emoji.php\/v9\/t9a\/2\/16\/1f468_200d_1f466.png\"> arranc\u00f3 la sonrisa de los asistentes.<\/p>\n\n\n\n<p>El evento, en el que se dieron cita directivos de cerca de 200 empresas familiares andaluzas, analiz\u00f3 el concepto de la familia empresaria como garante de cohesi\u00f3n y transmisi\u00f3n de valores <img loading=\"lazy\" decoding=\"async\" height=\"16\" width=\"16\" alt=\"\ud83d\ude42\" src=\"https:\/\/static.xx.fbcdn.net\/images\/emoji.php\/v9\/teb\/2\/16\/1f642.png\">, de la inversi\u00f3n en I+D+i <img loading=\"lazy\" decoding=\"async\" height=\"16\" width=\"16\" alt=\"\ud83d\udcc8\" src=\"https:\/\/static.xx.fbcdn.net\/images\/emoji.php\/v9\/ta0\/2\/16\/1f4c8.png\">, como eje de crecimiento, junto a la profesionalizaci\u00f3n de la gobernanza en los \u00f3rganos del Consejo de Administraci\u00f3n con consejeros independientes, entre otros conceptos.<\/p>\n\n\n\n<figure class=\"wp-block-image size-full\"><img loading=\"lazy\" decoding=\"async\" width=\"1080\" height=\"1080\" src=\"https:\/\/famadesa.es\/wp-content\/uploads\/2025\/09\/famadesa-empresa-familiar.jpg\" alt=\"\" class=\"wp-image-6327\" srcset=\"https:\/\/famadesa.es\/wp-content\/uploads\/2025\/09\/famadesa-empresa-familiar.jpg 1080w, https:\/\/famadesa.es\/wp-content\/uploads\/2025\/09\/famadesa-empresa-familiar-300x300.jpg 300w, https:\/\/famadesa.es\/wp-content\/uploads\/2025\/09\/famadesa-empresa-familiar-1024x1024.jpg 1024w, https:\/\/famadesa.es\/wp-content\/uploads\/2025\/09\/famadesa-empresa-familiar-150x150.jpg 150w, https:\/\/famadesa.es\/wp-content\/uploads\/2025\/09\/famadesa-empresa-familiar-768x768.jpg 768w, https:\/\/famadesa.es\/wp-content\/uploads\/2025\/09\/famadesa-empresa-familiar-600x600.jpg 600w, https:\/\/famadesa.es\/wp-content\/uploads\/2025\/09\/famadesa-empresa-familiar-100x100.jpg 100w\" sizes=\"(max-width: 1080px) 100vw, 1080px\" \/><\/figure>\n","protected":false},"excerpt":{"rendered":"<p>Nuestro presidente y adjunto a direcci\u00f3n, Federico y Guillermo Beltr\u00e1n, protagonizaron ayer, junto a Vicente Mart\u00edn, due\u00f1o del Grupo MAS y su hijo, la \u00faltima de las cinco mesas de debate del I Congreso Andaluz de la Empresa Familiar, organizado por la Asociaci\u00f3n Andaluza de la Empresa Familiar. F. Beltr\u00e1n centr\u00f3 sus palabras en los [&hellip;]<\/p>\n","protected":false},"author":3,"featured_media":6269,"comment_status":"open","ping_status":"open","sticky":false,"template":"","format":"standard","meta":{"footnotes":""},"categories":[1],"tags":[],"class_list":["post-6268","post","type-post","status-publish","format-standard","has-post-thumbnail","hentry","category-sin-categoria"],"_links":{"self":[{"href":"https:\/\/famadesa.es\/en\/wp-json\/wp\/v2\/posts\/6268","targetHints":{"allow":["GET"]}}],"collection":[{"href":"https:\/\/famadesa.es\/en\/wp-json\/wp\/v2\/posts"}],"about":[{"href":"https:\/\/famadesa.es\/en\/wp-json\/wp\/v2\/types\/post"}],"author":[{"embeddable":true,"href":"https:\/\/famadesa.es\/en\/wp-json\/wp\/v2\/users\/3"}],"replies":[{"embeddable":true,"href":"https:\/\/famadesa.es\/en\/wp-json\/wp\/v2\/comments?post=6268"}],"version-history":[{"count":1,"href":"https:\/\/famadesa.es\/en\/wp-json\/wp\/v2\/posts\/6268\/revisions"}],"predecessor-version":[{"id":6329,"href":"https:\/\/famadesa.es\/en\/wp-json\/wp\/v2\/posts\/6268\/revisions\/6329"}],"wp:featuredmedia":[{"embeddable":true,"href":"https:\/\/famadesa.es\/en\/wp-json\/wp\/v2\/media\/6269"}],"wp:attachment":[{"href":"https:\/\/famadesa.es\/en\/wp-json\/wp\/v2\/media?parent=6268"}],"wp:term":[{"taxonomy":"category","embeddable":true,"href":"https:\/\/famadesa.es\/en\/wp-json\/wp\/v2\/categories?post=6268"},{"taxonomy":"post_tag","embeddable":true,"href":"https:\/\/famadesa.es\/en\/wp-json\/wp\/v2\/tags?post=6268"}],"curies":[{"name":"wp","href":"https:\/\/api.w.org\/{rel}","templated":true}]}}