{"id":6280,"date":"2025-03-12T10:00:08","date_gmt":"2025-03-12T10:00:08","guid":{"rendered":"https:\/\/staminawebs.com\/famadesa\/?p=2644"},"modified":"2025-03-12T10:00:08","modified_gmt":"2025-03-12T10:00:08","slug":"famadesa-destaca-en-japon-tras-su-impulso-en-idi","status":"publish","type":"post","link":"https:\/\/famadesa.es\/en\/famadesa-destaca-en-japon-tras-su-impulso-en-idi\/","title":{"rendered":"FAMADESA DESTACA EN JAP\u00d3N TRAS SU IMPULSO EN I+D+i\u00a0"},"content":{"rendered":"\n<ul class=\"wp-block-list\">\n<li><strong>Segunda jornada de la feria Food Ex Jap\u00f3n, un nuevo escenario de proyecci\u00f3n internacional para la compa\u00f1\u00eda malague\u00f1a.<\/strong><\/li>\n\n\n\n<li><strong>Los de Campanillas refuerzan v\u00ednculos comerciales estrat\u00e9gicos, por su compromiso en el bienestar animal y la industrializaci\u00f3n.&nbsp;<\/strong><\/li>\n\n\n\n<li><strong>El crecimiento de la compa\u00f1\u00eda ha sido de casi un 3.5%, respecto al ejercicio anterior.<\/strong><\/li>\n<\/ul>\n\n\n\n<p><\/p>\n\n\n\n<p><strong>M\u00c1LAGA, Espa\u00f1a \u2013 11\/03\/25 \u2013 Famadesa est\u00e1 presente en FoodEx Jap\u00f3n 2025, la feria internacional de alimentos y bebidas m\u00e1s importante de Asia, que se est\u00e1 celebrando desde ayer y hasta el pr\u00f3ximo jueves, en Tokio. Este evento representa una oportunidad \u00fanica para fortalecer la presencia de la marca en el mercado japon\u00e9s y promover la calidad de los productos c\u00e1rnicos espa\u00f1oles.<\/strong><\/p>\n\n\n\n<p><strong>La participaci\u00f3n de Famadesa en FoodEx Jap\u00f3n 2025 se enmarca dentro de una estrategia interna m\u00e1s amplia de internacionalizaci\u00f3n, apoyada por organizaciones p\u00fablicas como el Instituto Espa\u00f1ol de Comercio Exterior (ICEX), con quien acude a este encuentro (estand E2-A21-11), como parte del elenco de industrias c\u00e1rnicas espa\u00f1olas. En 2024, esta empresa presidida por Federico Beltr\u00e1n, <\/strong><strong>super\u00f3 los 136M\u20ac en transacciones internacionales, <\/strong><strong>cuyo 26% se corresponde con las realizadas en el mercado asi\u00e1tico. Y de \u00e9ste,&nbsp;el 3% es directamente con&nbsp;Jap\u00f3n.<\/strong><\/p>\n\n\n\n<p>Food Ex Jap\u00f3n, que en su \u00faltima edici\u00f3n atrajo a m\u00e1s de 3,000 expositores de 80 pa\u00edses y recibi\u00f3 a m\u00e1s de 80,000 visitantes, se ha consolidado como un punto de encuentro clave para los profesionales del sector alimentario. La feria no solo ofrece una plataforma para la exhibici\u00f3n de productos, sino que tambi\u00e9n facilita el establecimiento de contactos comerciales y el intercambio de conocimientos sobre tendencias y demandas del mercado.<\/p>\n\n\n\n<p>El sector c\u00e1rnico espa\u00f1ol ha experimentado un crecimiento significativo en Jap\u00f3n en los \u00faltimos a\u00f1os. Seg\u00fan datos del ICEX (Instituto Espa\u00f1ol de Comercio Exterior), las exportaciones de productos c\u00e1rnicos espa\u00f1oles a Jap\u00f3n alcanzaron un valor de 200 millones de euros en 2023, lo que representa un aumento del 15% en comparaci\u00f3n con el a\u00f1o anterior. Este crecimiento se debe, en parte, a la creciente demanda de productos de alta calidad y a la reputaci\u00f3n de la carne espa\u00f1ola, que es reconocida por su sabor y calidad superior.&nbsp;<\/p>\n\n\n\n<p>\u201c<em>Estamos convencidos que participar en FoodEx Jap\u00f3n 2025, es una excelente oportunidad para presentar nuestros productos a un p\u00fablico tan diverso y exigente como \u00e9ste<\/em>\u201d, ha comentado Guillermo Beltr\u00e1n, director adjunto y l\u00edder del equipo comercial exterior de Famadesa. <em>\u201cJap\u00f3n es un mercado importante para nosotros <\/em>-ha afirmado-<em> Sabemos que nuestros productos pueden satisfacer las expectativas de los consumidores japoneses, que valoran la innovaci\u00f3n, tanto como la tradici\u00f3n\u201d.<\/em><\/p>\n\n\n\n<p>La participaci\u00f3n de Famadesa en FoodEx Jap\u00f3n 2025 no solo representa una oportunidad para expandir su presencia en el mercado japon\u00e9s, sino que tambi\u00e9n subraya el compromiso de la empresa con la calidad y la innovaci\u00f3n en el sector c\u00e1rnico. Con una visi\u00f3n clara hacia el futuro, Famadesa est\u00e1 lista para conquistar nuevos paladares y seguir creciendo en el \u00e1mbito internacional.<\/p>\n\n\n\n<p><br><strong>Sobre Famadesa<\/strong><\/p>\n\n\n\n<p>FAMADESA es la organizaci\u00f3n m\u00e1s representativa de un grupo empresarial, compuesto por un <em>holding<\/em> m\u00e1s amplio. Sus inicios se remontan a 54 a\u00f1os atr\u00e1s, en un peque\u00f1o matadero de Campanillas, M\u00e1laga.&nbsp;<\/p>\n\n\n\n<p>Como grupo empresarial se dedica a la cr\u00eda, engorde, explotaci\u00f3n, venta y comercializaci\u00f3n de ganado; a la fabricaci\u00f3n y transformaci\u00f3n de art\u00edculos derivados de la carne y otros productos alimenticios; al procesado y conservaci\u00f3n de alimentos, junto a la comercializaci\u00f3n, distribuci\u00f3n y transporte de productos elaborados hasta el consumidor final.<\/p>\n\n\n\n<figure class=\"wp-block-image size-large\"><img decoding=\"async\" src=\"https:\/\/famadesa.es\/wp-content\/uploads\/2025\/03\/foodex2-famadesa-1024x576.jpg\" alt=\"\" class=\"wp-image-2649\"\/><\/figure>\n\n\n\n<figure class=\"wp-block-image size-large\"><img decoding=\"async\" src=\"https:\/\/famadesa.es\/wp-content\/uploads\/2025\/03\/foodex3-1024x576.jpg\" alt=\"\" class=\"wp-image-2651\"\/><\/figure>\n\n\n\n<figure class=\"wp-block-image size-large\"><img decoding=\"async\" src=\"https:\/\/famadesa.es\/wp-content\/uploads\/2025\/03\/foodex1-1024x576.jpg\" alt=\"\" class=\"wp-image-2647\"\/><\/figure>\n\n\n\n<p><\/p>\n","protected":false},"excerpt":{"rendered":"<p>M\u00c1LAGA, Espa\u00f1a \u2013 11\/03\/25 \u2013 Famadesa est\u00e1 presente en FoodEx Jap\u00f3n 2025, la feria internacional de alimentos y bebidas m\u00e1s importante de Asia, que se est\u00e1 celebrando desde ayer y hasta el pr\u00f3ximo jueves, en Tokio. Este evento representa una oportunidad \u00fanica para fortalecer la presencia de la marca en el mercado japon\u00e9s y promover [&hellip;]<\/p>\n","protected":false},"author":3,"featured_media":2645,"comment_status":"open","ping_status":"open","sticky":false,"template":"","format":"standard","meta":{"footnotes":""},"categories":[1],"tags":[],"class_list":["post-6280","post","type-post","status-publish","format-standard","has-post-thumbnail","hentry","category-sin-categoria"],"_links":{"self":[{"href":"https:\/\/famadesa.es\/en\/wp-json\/wp\/v2\/posts\/6280","targetHints":{"allow":["GET"]}}],"collection":[{"href":"https:\/\/famadesa.es\/en\/wp-json\/wp\/v2\/posts"}],"about":[{"href":"https:\/\/famadesa.es\/en\/wp-json\/wp\/v2\/types\/post"}],"author":[{"embeddable":true,"href":"https:\/\/famadesa.es\/en\/wp-json\/wp\/v2\/users\/3"}],"replies":[{"embeddable":true,"href":"https:\/\/famadesa.es\/en\/wp-json\/wp\/v2\/comments?post=6280"}],"version-history":[{"count":0,"href":"https:\/\/famadesa.es\/en\/wp-json\/wp\/v2\/posts\/6280\/revisions"}],"wp:featuredmedia":[{"embeddable":true,"href":"https:\/\/famadesa.es\/en\/wp-json\/"}],"wp:attachment":[{"href":"https:\/\/famadesa.es\/en\/wp-json\/wp\/v2\/media?parent=6280"}],"wp:term":[{"taxonomy":"category","embeddable":true,"href":"https:\/\/famadesa.es\/en\/wp-json\/wp\/v2\/categories?post=6280"},{"taxonomy":"post_tag","embeddable":true,"href":"https:\/\/famadesa.es\/en\/wp-json\/wp\/v2\/tags?post=6280"}],"curies":[{"name":"wp","href":"https:\/\/api.w.org\/{rel}","templated":true}]}}