{"id":6936,"date":"2026-08-31T11:59:33","date_gmt":"2026-08-31T11:59:33","guid":{"rendered":"https:\/\/famadesa.es\/?p=6936"},"modified":"2026-08-31T11:59:36","modified_gmt":"2026-08-31T11:59:36","slug":"famadesa-junto-a-la-ciencia-y-la-investigacion-en-el-congreso-sehit-2026","status":"publish","type":"post","link":"https:\/\/famadesa.es\/en\/famadesa-junto-a-la-ciencia-y-la-investigacion-en-el-congreso-sehit-2026\/","title":{"rendered":"FAMADESA, junto a la ciencia y la investigaci\u00f3n en el Congreso SEHIT 2026"},"content":{"rendered":"\n<h1 class=\"wp-block-heading\"><strong>M\u00e1laga se convierte esta semana en punto de encuentro para investigadores y docentes del \u00e1mbito de las ciencias biom\u00e9dicas con la celebraci\u00f3n del XXIII Congreso de la Sociedad Espa\u00f1ola de Histolog\u00eda e Ingenier\u00eda Tisular (SEHIT), un encuentro que cuenta con el patrocinio de FAMADESA.<\/strong><\/h1>\n\n\n\n<p class=\"wp-block-paragraph\"><\/p>\n\n\n\n<p class=\"wp-block-paragraph\">Del <strong>2 al 4 de septiembre de 2026<\/strong>, la Facultad de Medicina de la Universidad de M\u00e1laga acoger\u00e1 el XXIII Congreso de la Sociedad Espa\u00f1ola de Histolog\u00eda e Ingenier\u00eda Tisular, que se celebra conjuntamente con el <strong>XI International Congress of Histology and Tissue Engineering<\/strong> y el <strong>XII Congreso Iberoamericano de Histolog\u00eda<\/strong>. La organizaci\u00f3n corre a cargo de la Unidad de Histolog\u00eda de la Universidad de M\u00e1laga.<\/p>\n\n\n\n<p class=\"wp-block-paragraph\">Un encuentro cient\u00edfico de dimensi\u00f3n nacional e internacional que reunir\u00e1 en nuestra ciudad a investigadores y docentes especializados en histolog\u00eda, ingenier\u00eda tisular, histopatolog\u00eda, oncolog\u00eda, biolog\u00eda celular y molecular y otras disciplinas relacionadas con las ciencias biom\u00e9dicas.<\/p>\n\n\n\n<h2 class=\"wp-block-heading\">Investigar hoy para avanzar ma\u00f1ana<\/h2>\n\n\n\n<p class=\"wp-block-paragraph\">Aunque conceptos como histolog\u00eda o ingenier\u00eda tisular puedan parecernos muy alejados de nuestra vida cotidiana, detr\u00e1s de estas disciplinas existe una importante labor cient\u00edfica orientada a comprender mejor c\u00f3mo est\u00e1n formados y c\u00f3mo funcionan nuestros tejidos, qu\u00e9 ocurre cuando aparece una enfermedad y qu\u00e9 nuevas herramientas pueden desarrollarse para su diagn\u00f3stico, tratamiento o reparaci\u00f3n.<\/p>\n\n\n\n<p class=\"wp-block-paragraph\">Precisamente esa conexi\u00f3n entre <strong>investigaci\u00f3n b\u00e1sica y aplicaci\u00f3n cl\u00ednica<\/strong> ser\u00e1 uno de los ejes del Congreso SEHIT 2026.<\/p>\n\n\n\n<p class=\"wp-block-paragraph\">Durante las tres jornadas se abordar\u00e1n cuestiones relacionadas con enfermedades neurodegenerativas, neuroprotecci\u00f3n, oncolog\u00eda de precisi\u00f3n, salud reproductiva, zoonosis, ingenier\u00eda tisular y terapias avanzadas, adem\u00e1s de nuevas t\u00e9cnicas de an\u00e1lisis y del creciente papel de la inteligencia artificial en la investigaci\u00f3n y la ense\u00f1anza de la histolog\u00eda.<\/p>\n\n\n\n<p class=\"wp-block-paragraph\">El programa contar\u00e1 con especialistas procedentes de universidades, hospitales, centros de investigaci\u00f3n e instituciones cient\u00edficas espa\u00f1olas e internacionales. Entre ellos habr\u00e1 profesionales vinculados a la Universidad de M\u00e1laga, IBIMA-Plataforma Bionand, las universidades de Granada, Valladolid, Valencia, Alicante, C\u00f3rdoba o Santiago de Compostela, as\u00ed como investigadores de instituciones de pa\u00edses como Argentina o Francia.<\/p>\n\n\n\n<p class=\"wp-block-paragraph\">Conferencias plenarias, mesas redondas, comunicaciones cient\u00edficas y sesiones de p\u00f3steres convertir\u00e1n durante estos d\u00edas a M\u00e1laga en un espacio para compartir conocimiento, presentar nuevas l\u00edneas de investigaci\u00f3n y debatir sobre algunos de los avances y retos de las ciencias biom\u00e9dicas.<\/p>\n\n\n\n<h2 class=\"wp-block-heading\">FAMADESA, apoyando el conocimiento desde M\u00e1laga<\/h2>\n\n\n\n<p class=\"wp-block-paragraph\">Para <strong>FAMADESA es un orgullo formar parte de este encuentro como empresa patrocinadora<\/strong> y contribuir a que iniciativas de esta naturaleza puedan celebrarse en nuestra ciudad. <\/p>\n\n\n\n<p class=\"wp-block-paragraph\">Nuestra actividad empresarial pertenece a un \u00e1mbito muy diferente al de quienes durante estos d\u00edas ocupar\u00e1n las aulas de la Facultad de Medicina. Sin embargo, compartimos algo esencial: <strong>la importancia de investigar, innovar y avanzar a trav\u00e9s del conocimiento<\/strong>.<\/p>\n\n\n\n<p class=\"wp-block-paragraph\">Como empresa malague\u00f1a, creemos tambi\u00e9n en la necesidad de respaldar iniciativas que acercan a M\u00e1laga a investigadores, universidades y profesionales de diferentes pa\u00edses y que contribuyen a reforzar la posici\u00f3n de nuestra ciudad como lugar de encuentro para la ciencia y la innovaci\u00f3n.<\/p>\n\n\n\n<p class=\"wp-block-paragraph\">Patrocinar este congreso supone, por tanto, acompa\u00f1ar a quienes dedican su trabajo a conocer mejor nuestro organismo, comprender los mecanismos de la enfermedad y desarrollar nuevas herramientas que puedan contribuir al avance de la medicina.<\/p>\n\n\n\n<p class=\"wp-block-paragraph\">Porque detr\u00e1s de cada avance hay muchas horas de investigaci\u00f3n, cooperaci\u00f3n y conocimiento compartido.<\/p>\n\n\n\n<p class=\"wp-block-paragraph\"><strong>Desde FAMADESA queremos dar la bienvenida a M\u00e1laga a todos los participantes del Congreso SEHIT 2026 y mostrar nuestro reconocimiento a investigadores, docentes y profesionales que trabajan cada d\u00eda para que la ciencia siga avanzando.<\/strong><\/p>\n\n\n\n<p class=\"wp-block-paragraph\"><strong>FAMADESA, junto a la investigaci\u00f3n, la innovaci\u00f3n y el conocimiento.<\/strong><\/p>\n","protected":false},"excerpt":{"rendered":"<p>M\u00e1laga se convierte esta semana en punto de encuentro para investigadores y docentes del \u00e1mbito de las ciencias biom\u00e9dicas con la celebraci\u00f3n del XXIII Congreso de la Sociedad Espa\u00f1ola de Histolog\u00eda e Ingenier\u00eda Tisular (SEHIT), un encuentro que cuenta con el patrocinio de FAMADESA. Del 2 al 4 de septiembre de 2026, la Facultad de [&hellip;]<\/p>\n","protected":false},"author":1,"featured_media":6937,"comment_status":"closed","ping_status":"open","sticky":false,"template":"","format":"standard","meta":{"footnotes":""},"categories":[1],"tags":[],"class_list":["post-6936","post","type-post","status-publish","format-standard","has-post-thumbnail","hentry","category-sin-categoria"],"_links":{"self":[{"href":"https:\/\/famadesa.es\/en\/wp-json\/wp\/v2\/posts\/6936","targetHints":{"allow":["GET"]}}],"collection":[{"href":"https:\/\/famadesa.es\/en\/wp-json\/wp\/v2\/posts"}],"about":[{"href":"https:\/\/famadesa.es\/en\/wp-json\/wp\/v2\/types\/post"}],"author":[{"embeddable":true,"href":"https:\/\/famadesa.es\/en\/wp-json\/wp\/v2\/users\/1"}],"replies":[{"embeddable":true,"href":"https:\/\/famadesa.es\/en\/wp-json\/wp\/v2\/comments?post=6936"}],"version-history":[{"count":1,"href":"https:\/\/famadesa.es\/en\/wp-json\/wp\/v2\/posts\/6936\/revisions"}],"predecessor-version":[{"id":6939,"href":"https:\/\/famadesa.es\/en\/wp-json\/wp\/v2\/posts\/6936\/revisions\/6939"}],"wp:featuredmedia":[{"embeddable":true,"href":"https:\/\/famadesa.es\/en\/wp-json\/wp\/v2\/media\/6937"}],"wp:attachment":[{"href":"https:\/\/famadesa.es\/en\/wp-json\/wp\/v2\/media?parent=6936"}],"wp:term":[{"taxonomy":"category","embeddable":true,"href":"https:\/\/famadesa.es\/en\/wp-json\/wp\/v2\/categories?post=6936"},{"taxonomy":"post_tag","embeddable":true,"href":"https:\/\/famadesa.es\/en\/wp-json\/wp\/v2\/tags?post=6936"}],"curies":[{"name":"wp","href":"https:\/\/api.w.org\/{rel}","templated":true}]}}