{"id":946,"date":"2018-03-05T13:00:19","date_gmt":"2018-03-05T13:00:19","guid":{"rendered":"https:\/\/famadesa.es\/?p=946"},"modified":"2018-03-05T13:00:19","modified_gmt":"2018-03-05T13:00:19","slug":"famadesa-invertira-10-millones-crecer-30-los-proximo-tres-anos","status":"publish","type":"post","link":"https:\/\/famadesa.es\/en\/famadesa-invertira-10-millones-crecer-30-los-proximo-tres-anos\/","title":{"rendered":"Famadesa invertir\u00e1 10 millones para crecer un 30% en los pr\u00f3ximo tres a\u00f1os"},"content":{"rendered":"<p style=\"color: #000000; font-size: 18px; font-weight: 300; font-family: Helvetica;\">El grupo Famadesa se consolida como <strong>una de las diez industrias c\u00e1rnicas m\u00e1s importantes de todo el pa\u00eds<\/strong>. Ubicada en Campanillas, la firma que dirige el empresario Federico Beltr\u00e1n, ha cerrado 2017 con una cifra r\u00e9cord de facturaci\u00f3n, 245 millones de euros, lo que supone un 12 por ciento de crecimiento respecto al a\u00f1o anterior.<\/p>\n<p style=\"color: #000000; font-size: 18px; font-weight: 300; font-family: Helvetica;\">Pero lo m\u00e1s importante es que las previsiones de la compa\u00f1\u00eda, que da empleo a m\u00e1s de un millar de trabajadores, para los pr\u00f3ximos a\u00f1os no son menos desfavorables. Todo lo contrario, la firma conf\u00eda en poder crecer entre un 20 y 30 por ciento m\u00e1s en los pr\u00f3ximos tres a\u00f1os. Sin embargo, para poder afrontar ese crecimiento potencial Famadesa necesita adaptar y mejorar sus instalaciones habilitando nuevas zonas de sacrificio, despiece y oreo y enfriamiento de canales.<\/p>\n<p style=\"color: #000000; font-size: 18px; font-weight: 300; font-family: Helvetica;\">Y ello a pesar de que ha invertido en el \u00faltimo a\u00f1o siete millones de euros tambi\u00e9n en obras de mejora y equipamiento (ampliaci\u00f3n de la sala de despiece, muelles de carga y c\u00e1maras de congelaci\u00f3n) para reforzar las exportaciones.<\/p>\n<h2 style=\"color: #e5023b;\">1.\u00a0 LOS DATOS<\/h2>\n<p style=\"color: #000000; font-size: 18px; font-weight: 300; font-family: Helvetica;\"><strong>245 millones de euros<\/strong> fue la facturaci\u00f3n alcanzada por Famadesa en el pasado ejercicio econ\u00f3mico de 2017, lo que supone un 12 por ciento m\u00e1s que en 2016. La empresa atribuye este incremento al mayor precio del cerdo vivo y al aumento de las exportaciones.<\/p>\n<p style=\"color: #000000; font-size: 18px; font-weight: 300; font-family: Helvetica;\"><strong>10 millones de euros<\/strong> es la inversi\u00f3n proyectada por la c\u00e1rnica malague\u00f1a para los a\u00f1os 2018 y 2019. El objetivo de adaptar sus instalaciones a sus previsiones de crecimiento para los pr\u00f3ximos tres a\u00f1os. La empresa prev\u00e9 crecer un 30 por ciento. la inversi\u00f3n persigue ampliar la zona de sacrificio, despiece y oreo y enfriamiento de canales.<\/p>\n<p style=\"color: #000000; font-size: 18px; font-weight: 300; font-family: Helvetica;\"><strong>1.000 trabajadores conforman la plantilla<\/strong> de personal del grupo Famadesa (matadero, secadero de jamones y embutidos, f\u00e1brica de piensos, granjas de cr\u00eda de cerdos, red de distribuci\u00f3n y camiones, y producci\u00f3n de c\u00edtricos)<\/p>\n<p style=\"color: #000000; font-size: 18px; font-weight: 300; font-family: Helvetica;\">Seg\u00fan Beltr\u00e1n, Famadesa tiene proyectado invertir entre 2018 y 2019 la cantidad de 10 millones de euros en nuevas obras de mejora con el objetivo de poder afrontar el crecimiento previsto por la empresa en los pr\u00f3ximos a\u00f1os, gracias al incremento de las exportaciones y a la demanda interior.<\/p>\n<p style=\"color: #000000; font-size: 18px; font-weight: 300; font-family: Helvetica;\">La c\u00e1rnica malague\u00f1a, <strong>especializada en la producci\u00f3n de carne de cerdo de capa blanca, jamones, embutidos<\/strong> (como el <a href=\"https:\/\/famadesa.es\/salchichon-de-malaga\/\">salchich\u00f3n de M\u00e1laga<\/a>) <strong>y otros productos elaborados<\/strong>, exporta sobre todo a Europa (Portugal, Italia, Francia, Alemania, Grecia, Rumania, Rep\u00fablica Checa y Eslonevia, entre otros) y a As\u00eda a pa\u00edses como China, Corea, Vietnam, Taiwan, Hong Kong y Filipinas. Exporta casi el 40% de su producci\u00f3n a pa\u00edses de los cinco continentes, siendo el asi\u00e1tico uno de sus principales mercados. En Europa, sus principales destinos son el mercado interior y Portugal.<\/p>\n<p style=\"color: #000000; font-size: 18px; font-weight: 300; font-family: Helvetica;\">Beltr\u00e1n ha atribuido el incremento de la facturaci\u00f3n de la empresa malague\u00f1a al mayor precio del cerdo vivo y al aumento de las ventas fuera de nuestras fronteras, a\u00fan cuando destinos como China, que es uno de los mayores importadores del porcino espa\u00f1ol, ha bajado el flujo durante 2017, entre otras razones porque ha acudido a otros pa\u00edses productores como Estados Unidos, debido a que el euro ha estado m\u00e1s caro.<\/p>\n<p style=\"color: #000000; font-size: 18px; font-weight: 300; font-family: Helvetica;\">Famadesa, que es tambi\u00e9n productor de cerdo vivo &#8211;<strong>el 30% de los sacrificios que realiza es de producci\u00f3n propio<\/strong>&#8211; , sacrifica una media anual de 1.250.000 animales (unos 4.800 diarios). <strong>La firma es adem\u00e1s una gran productora del <a href=\"https:\/\/famadesa.es\/jamon-famadesa\/\">jam\u00f3n de M\u00e1laga<\/a><\/strong>. Cura una media de entre 1.000 y 1.500 diarios (unos 200.000 al a\u00f1o), de los 9.000 que produce en su matadero cada d\u00eda. Adem\u00e1s, produce unas 5.000 toneladas de embutidos.<\/p>\n<p style=\"color: #000000; font-size: 18px; font-weight: 300; font-family: Helvetica;\">No obstante, el grueso de la carne que comercializa es en fresco, a\u00fan cuando, seg\u00fan Beltr\u00e1n, la tendencia es a producir cada vez m\u00e1s nuevos productos elaborados, ya cocinados y listos para consumir.<\/p>\n<p style=\"color: #000000; font-size: 18px; font-weight: 300; font-family: Helvetica;\">El grupo Famadesa lo conforman entre otras actividades matadero, secadero de jamones y embutidos, piensos, granja de cr\u00eda de cerdos, red de distribuci\u00f3n con m\u00e1s de un centenar de camiones y producci\u00f3n de c\u00edtricos.<\/p>\n<hr \/>\n<p>Enlace al art\u00edculo de Diario SUR:\u00a0<a href=\"http:\/\/www.diariosur.es\/economia\/empresas-malaguenas\/famadesa-invertira-millones-20180228213312-nt.html\" rel=\"nofollow noopener\" target=\"_blank\"> Click aqu\u00ed<\/a><\/p>\n","protected":false},"excerpt":{"rendered":"<p>El grupo Famadesa se consolida como una de las diez industrias c\u00e1rnicas m\u00e1s importantes de todo el pa\u00eds. Ubicada en Campanillas, la firma que dirige el empresario Federico Beltr\u00e1n, ha cerrado 2017 con una cifra r\u00e9cord de facturaci\u00f3n, 245 millones de euros, lo que supone un 12 por ciento de crecimiento respecto al a\u00f1o anterior. [&hellip;]<\/p>\n","protected":false},"author":1,"featured_media":1309,"comment_status":"open","ping_status":"open","sticky":false,"template":"","format":"standard","meta":{"footnotes":""},"categories":[96],"tags":[],"class_list":["post-946","post","type-post","status-publish","format-standard","has-post-thumbnail","hentry","category-famadesa"],"_links":{"self":[{"href":"https:\/\/famadesa.es\/en\/wp-json\/wp\/v2\/posts\/946","targetHints":{"allow":["GET"]}}],"collection":[{"href":"https:\/\/famadesa.es\/en\/wp-json\/wp\/v2\/posts"}],"about":[{"href":"https:\/\/famadesa.es\/en\/wp-json\/wp\/v2\/types\/post"}],"author":[{"embeddable":true,"href":"https:\/\/famadesa.es\/en\/wp-json\/wp\/v2\/users\/1"}],"replies":[{"embeddable":true,"href":"https:\/\/famadesa.es\/en\/wp-json\/wp\/v2\/comments?post=946"}],"version-history":[{"count":0,"href":"https:\/\/famadesa.es\/en\/wp-json\/wp\/v2\/posts\/946\/revisions"}],"wp:featuredmedia":[{"embeddable":true,"href":"https:\/\/famadesa.es\/en\/wp-json\/wp\/v2\/media\/1309"}],"wp:attachment":[{"href":"https:\/\/famadesa.es\/en\/wp-json\/wp\/v2\/media?parent=946"}],"wp:term":[{"taxonomy":"category","embeddable":true,"href":"https:\/\/famadesa.es\/en\/wp-json\/wp\/v2\/categories?post=946"},{"taxonomy":"post_tag","embeddable":true,"href":"https:\/\/famadesa.es\/en\/wp-json\/wp\/v2\/tags?post=946"}],"curies":[{"name":"wp","href":"https:\/\/api.w.org\/{rel}","templated":true}]}}